{"id":118569,"date":"2025-08-27T12:33:53","date_gmt":"2025-08-27T12:33:53","guid":{"rendered":"https:\/\/www.gen-ethische-stiftung.de\/?p=118569"},"modified":"2026-08-27T10:33:54","modified_gmt":"2026-08-27T10:33:54","slug":"az-epitoipar-es-belsoepiteszet-innovativ-anyaghasznalata","status":"publish","type":"post","link":"https:\/\/www.gen-ethische-stiftung.de\/?p=118569","title":{"rendered":"Az \u00e9p\u00edt\u0151ipar \u00e9s bels\u0151\u00e9p\u00edt\u00e9szet innovat\u00edv anyaghaszn\u00e1lata"},"content":{"rendered":"<p>Az \u00e9p\u00edt\u00e9szetben \u00e9s bels\u0151\u00e9p\u00edt\u00e9szetben alkalmazott anyagok kulcsfontoss\u00e1g\u00fa szerepet t\u00f6ltenek be a tart\u00f3ss\u00e1g, eszt\u00e9tika \u00e9s funkcionalit\u00e1s szempontj\u00e1b\u00f3l. A modern fejleszt\u00e9sek lehet\u0151v\u00e9 teszik az \u00e9p\u00edt\u00e9szeti tervek m\u00e9g v\u00e1ltozatosabb \u00e9s hat\u00e9konyabb kialak\u00edt\u00e1s\u00e1t, mik\u00f6zben k\u00f6rnyezeti szempontok szerint is \u00f6sszhangban maradnak. Ez\u00e9rt az anyagv\u00e1laszt\u00e1s nem csup\u00e1n technikai k\u00e9rd\u00e9s, hanem a design \u00e9s a fenntarthat\u00f3s\u00e1g integr\u00e1lt eleme is.<\/p>\n<h2>Az anyagv\u00e1laszt\u00e1s szempontjai az \u00e9p\u00edt\u00e9szetben<\/h2>\n<p>Egy \u00e9p\u00edt\u00e9szeti projekt sikeress\u00e9ge nagyban m\u00falik az alkalmazott anyagokon. Fontos szempontok k\u00f6z\u00e9 tartozik p\u00e9ld\u00e1ul az anyag tart\u00f3ss\u00e1ga, k\u00e9miai stabilit\u00e1sa, h\u0151szigetel\u00e9si k\u00e9pess\u00e9ge \u00e9s k\u00f6rnyezeti hat\u00e1sai. A megfelel\u0151 anyag kiv\u00e1laszt\u00e1s\u00e1val nemcsak a szerkezet \u00e9lettartam\u00e1t n\u00f6velhetj\u00fck, hanem az energiahat\u00e9konys\u00e1got is jav\u00edthatjuk.<\/p>\n<h2>Technol\u00f3gi\u00e1k \u00e9s trendek az anyagfejleszt\u00e9sben<\/h2>\n<p>Az elm\u00falt \u00e9vtizedben jelent\u0151s fejl\u0151d\u00e9s t\u00f6rt\u00e9nt az \u00faj, fenntarthat\u00f3 \u00e9s intelligens anyagok fejleszt\u00e9s\u00e9ben. Ide tartoznak p\u00e9ld\u00e1ul az \u00f6ntisztul\u00f3 fel\u00fcletek, az energiatakar\u00e9kos szigetel\u00e9si rendszerek, amelyekhez ak\u00e1r bioalap\u00fa vagy \u00fajrahasznos\u00edtott anyagokat is alkalmaznak. Ezek a fejleszt\u00e9sek hozz\u00e1j\u00e1rulnak ahhoz, hogy az \u00e9p\u00fcletek kev\u00e9sb\u00e9 terhelj\u00e9k a k\u00f6rnyezetet \u00e9s megfeleljenek a modern energetikai k\u00f6vetelm\u00e9nyeknek.<\/p>\n<h2>Az anyagok d\u00f6nt\u0151 szerepe a bels\u0151 terek kialak\u00edt\u00e1s\u00e1ban<\/h2>\n<p>A bels\u0151\u00e9p\u00edt\u00e9szetben az anyagv\u00e1laszt\u00e1s szoros \u00f6sszef\u00fcgg\u00e9sben \u00e1ll az adott t\u00e9r funkci\u00f3j\u00e1val \u00e9s hangulat\u00e1val. P\u00e9ld\u00e1ul a term\u00e9szetes fa anyagok cylindrikus melegs\u00e9get k\u00f6lcs\u00f6n\u00f6znek, m\u00edg a kort\u00e1rs alum\u00ednium \u00e9s \u00fcvegfel\u00fcletek modern, letisztult megjelen\u00e9st eredm\u00e9nyeznek. Az anyagok kombin\u00e1l\u00e1s\u00e1val dinamikus, \u00e9lhet\u0151 \u00e9s eszt\u00e9tikus bels\u0151 tereket hozhatunk l\u00e9tre, amelyek megfelelnek az \u00fcgyfelek egyedi ig\u00e9nyeinek.<\/p>\n<h2>Az innovat\u00edv anyagok gyakorlati p\u00e9ld\u00e1i<\/h2>\n<table>\n<tr>\n<th>Anyagt\u00edpus<\/th>\n<th>Felhaszn\u00e1l\u00e1si ter\u00fclet<\/th>\n<th>El\u0151ny\u00f6k<\/th>\n<\/tr>\n<tr>\n<td>Polimer kompozitok<\/td>\n<td>Homlokzatburkolatok, tet\u0151szerkezetek<\/td>\n<td>K\u00f6nny\u0171 s\u00faly, j\u00f3 h\u0151szigetel\u00e9s, id\u0151j\u00e1r\u00e1s\u00e1ll\u00f3<\/td>\n<\/tr>\n<tr>\n<td>Okos\u00fcveg<\/td>\n<td>\u00c9p\u00fclet\u00fcveg, ny\u00edl\u00e1sz\u00e1r\u00f3k<\/td>\n<td>Automatikus f\u00e9ny\u00e1tereszt\u00e9s, energiatakar\u00e9koss\u00e1g<\/td>\n<\/tr>\n<tr>\n<td>\u00dajrahasznos\u00edtott anyagok<\/td>\n<td>Belt\u00e9ri fel\u00fcletek, padl\u00f3k<\/td>\n<td>K\u00f6rnyezetbar\u00e1t, gazdas\u00e1gos<\/td>\n<\/tr>\n<\/table>\n<h2>A fenntarthat\u00f3 \u00e9p\u00edt\u00e9szet kih\u00edv\u00e1sai \u00e9s lehet\u0151s\u00e9gei<\/h2>\n<p>Az egyik folyamatos kih\u00edv\u00e1s a k\u00fcl\u00f6nb\u00f6z\u0151 anyagok k\u00f6rnyezetre gyakorolt hat\u00e1s\u00e1nak minimaliz\u00e1l\u00e1sa, mik\u00f6zben biztos\u00edtani kell az \u00e9p\u00fcletek hossz\u00fa t\u00e1v\u00fa stabilit\u00e1s\u00e1t \u00e9s komfortj\u00e1t. A meg\u00fajul\u00f3 energiaforr\u00e1sok \u00e9s az energiahat\u00e9kony anyagok alkalmaz\u00e1sa mellett a helyi, term\u00e9szetes anyagok felhaszn\u00e1l\u00e1sa is jelent\u0151s szerepet j\u00e1tszik ebben a folyamatban. Fontos feladat az \u00e9p\u00edt\u0151ipar szerepl\u0151inek, hogy a leginnovat\u00edvabb megold\u00e1sokat alkalmazz\u00e1k, mik\u00f6zben figyelembe veszik az \u00e9letciklusi konzult\u00e1ci\u00f3kat \u00e9s a k\u00f6rnyezeti k\u00f6vetelm\u00e9nyeket.<\/p>\n<blockquote><p>\nA korszer\u0171 \u00e9p\u00edt\u00e9szet egyre ink\u00e1bb kapcsol\u00f3dik a fenntarthat\u00f3 anyaghaszn\u00e1lathoz, amely hossz\u00fa t\u00e1von cs\u00f6kkenti az energiafogyaszt\u00e1st \u00e9s a k\u00f6rnyezeti l\u00e1bnyomot.\n<\/p><\/blockquote>\n<p>Az \u00e9p\u00edtkez\u0151 \u00e9s bels\u0151\u00e9p\u00edt\u00e9szeti szakemberek folyamatosan keresik azokat a besz\u00e1ll\u00edt\u00f3kat \u00e9s forr\u00e1sokat, amelyek biztos\u00edtj\u00e1k a kiv\u00e1l\u00f3 min\u0151s\u00e9g\u0171 \u00e9s k\u00f6rnyezetbar\u00e1t anyagokat. A megalapozott d\u00f6nt\u00e9seket gyakran az ilyen szakmai forr\u00e1sokra val\u00f3 t\u00e1maszkod\u00e1s seg\u00edti el\u0151, mint p\u00e9ld\u00e1ul a <a href=\"https:\/\/cazeus-hungary.com\/\">Cazeus<\/a> kiemelked\u0151 k\u00edn\u00e1lata.<\/p>\n","protected":false},"excerpt":{"rendered":"<p>Az \u00e9p\u00edt\u00e9szetben \u00e9s bels\u0151\u00e9p\u00edt\u00e9szetben alkalmazott anyagok kulcsfontoss\u00e1g\u00fa szerepet t\u00f6ltenek be a tart\u00f3ss\u00e1g, eszt\u00e9tika \u00e9s funkcionalit\u00e1s szempontj\u00e1b\u00f3l. A modern fejleszt\u00e9sek lehet\u0151v\u00e9 teszik az \u00e9p\u00edt\u00e9szeti tervek m\u00e9g v\u00e1ltozatosabb \u00e9s hat\u00e9konyabb kialak\u00edt\u00e1s\u00e1t, mik\u00f6zben k\u00f6rnyezeti szempontok szerint is \u00f6sszhangban maradnak. Ez\u00e9rt az anyagv\u00e1laszt\u00e1s nem csup\u00e1n technikai k\u00e9rd\u00e9s, hanem a design \u00e9s a fenntarthat\u00f3s\u00e1g integr\u00e1lt eleme is. Az anyagv\u00e1laszt\u00e1s szempontjai [&hellip;]<\/p>\n","protected":false},"author":57,"featured_media":0,"comment_status":"closed","ping_status":"open","sticky":false,"template":"","format":"standard","meta":{"footnotes":""},"categories":[1],"tags":[],"class_list":["post-118569","post","type-post","status-publish","format-standard","hentry","category-uncategorized"],"yoast_head":"<!-- This site is optimized with the Yoast SEO plugin v17.7 - https:\/\/yoast.com\/wordpress\/plugins\/seo\/ -->\n<meta name=\"robots\" content=\"index, follow, max-snippet:-1, max-image-preview:large, max-video-preview:-1\" \/>\n<link rel=\"canonical\" href=\"https:\/\/www.gen-ethische-stiftung.de\/?p=118569\" \/>\n<meta property=\"og:locale\" content=\"en_US\" \/>\n<meta property=\"og:type\" content=\"article\" \/>\n<meta property=\"og:title\" content=\"Az \u00e9p\u00edt\u0151ipar \u00e9s bels\u0151\u00e9p\u00edt\u00e9szet innovat\u00edv anyaghaszn\u00e1lata -\" \/>\n<meta property=\"og:description\" content=\"Az \u00e9p\u00edt\u00e9szetben \u00e9s bels\u0151\u00e9p\u00edt\u00e9szetben alkalmazott anyagok kulcsfontoss\u00e1g\u00fa szerepet t\u00f6ltenek be a tart\u00f3ss\u00e1g, eszt\u00e9tika \u00e9s funkcionalit\u00e1s szempontj\u00e1b\u00f3l. A modern fejleszt\u00e9sek lehet\u0151v\u00e9 teszik az \u00e9p\u00edt\u00e9szeti tervek m\u00e9g v\u00e1ltozatosabb \u00e9s hat\u00e9konyabb kialak\u00edt\u00e1s\u00e1t, mik\u00f6zben k\u00f6rnyezeti szempontok szerint is \u00f6sszhangban maradnak. Ez\u00e9rt az anyagv\u00e1laszt\u00e1s nem csup\u00e1n technikai k\u00e9rd\u00e9s, hanem a design \u00e9s a fenntarthat\u00f3s\u00e1g integr\u00e1lt eleme is. Az anyagv\u00e1laszt\u00e1s szempontjai [&hellip;]\" \/>\n<meta property=\"og:url\" content=\"https:\/\/www.gen-ethische-stiftung.de\/?p=118569\" \/>\n<meta property=\"article:published_time\" content=\"2025-08-27T12:33:53+00:00\" \/>\n<meta property=\"article:modified_time\" content=\"2026-08-27T10:33:54+00:00\" \/>\n<meta name=\"twitter:card\" content=\"summary\" \/>\n<meta name=\"twitter:label1\" content=\"Written by\" \/>\n\t<meta name=\"twitter:data1\" content=\"wordpress_1d9d73dafc30\" \/>\n\t<meta name=\"twitter:label2\" content=\"Est. reading time\" \/>\n\t<meta name=\"twitter:data2\" content=\"3 minutes\" \/>\n<script type=\"application\/ld+json\" class=\"yoast-schema-graph\">{\"@context\":\"https:\/\/schema.org\",\"@graph\":[{\"@type\":\"WebSite\",\"@id\":\"https:\/\/www.gen-ethische-stiftung.de\/#website\",\"url\":\"https:\/\/www.gen-ethische-stiftung.de\/\",\"name\":\"\",\"description\":\"\",\"potentialAction\":[{\"@type\":\"SearchAction\",\"target\":{\"@type\":\"EntryPoint\",\"urlTemplate\":\"https:\/\/www.gen-ethische-stiftung.de\/?s={search_term_string}\"},\"query-input\":\"required name=search_term_string\"}],\"inLanguage\":\"en-US\"},{\"@type\":\"WebPage\",\"@id\":\"https:\/\/www.gen-ethische-stiftung.de\/?p=118569#webpage\",\"url\":\"https:\/\/www.gen-ethische-stiftung.de\/?p=118569\",\"name\":\"Az \\u00e9p\\u00edt\\u0151ipar \\u00e9s bels\\u0151\\u00e9p\\u00edt\\u00e9szet innovat\\u00edv anyaghaszn\\u00e1lata -\",\"isPartOf\":{\"@id\":\"https:\/\/www.gen-ethische-stiftung.de\/#website\"},\"datePublished\":\"2025-08-27T12:33:53+00:00\",\"dateModified\":\"2026-08-27T10:33:54+00:00\",\"author\":{\"@id\":\"https:\/\/www.gen-ethische-stiftung.de\/#\/schema\/person\/983704f6819bdb05aea5a26d35c78e39\"},\"breadcrumb\":{\"@id\":\"https:\/\/www.gen-ethische-stiftung.de\/?p=118569#breadcrumb\"},\"inLanguage\":\"en-US\",\"potentialAction\":[{\"@type\":\"ReadAction\",\"target\":[\"https:\/\/www.gen-ethische-stiftung.de\/?p=118569\"]}]},{\"@type\":\"BreadcrumbList\",\"@id\":\"https:\/\/www.gen-ethische-stiftung.de\/?p=118569#breadcrumb\",\"itemListElement\":[{\"@type\":\"ListItem\",\"position\":1,\"name\":\"Home\",\"item\":\"https:\/\/www.gen-ethische-stiftung.de\/\"},{\"@type\":\"ListItem\",\"position\":2,\"name\":\"Az \\u00e9p\\u00edt\\u0151ipar \\u00e9s bels\\u0151\\u00e9p\\u00edt\\u00e9szet innovat\\u00edv anyaghaszn\\u00e1lata\"}]},{\"@type\":\"Person\",\"@id\":\"https:\/\/www.gen-ethische-stiftung.de\/#\/schema\/person\/983704f6819bdb05aea5a26d35c78e39\",\"name\":\"wordpress_1d9d73dafc30\",\"url\":\"https:\/\/www.gen-ethische-stiftung.de\/?author=57\"}]}<\/script>\n<!-- \/ Yoast SEO plugin. -->","yoast_head_json":{"robots":{"index":"index","follow":"follow","max-snippet":"max-snippet:-1","max-image-preview":"max-image-preview:large","max-video-preview":"max-video-preview:-1"},"canonical":"https:\/\/www.gen-ethische-stiftung.de\/?p=118569","og_locale":"en_US","og_type":"article","og_title":"Az \u00e9p\u00edt\u0151ipar \u00e9s bels\u0151\u00e9p\u00edt\u00e9szet innovat\u00edv anyaghaszn\u00e1lata -","og_description":"Az \u00e9p\u00edt\u00e9szetben \u00e9s bels\u0151\u00e9p\u00edt\u00e9szetben alkalmazott anyagok kulcsfontoss\u00e1g\u00fa szerepet t\u00f6ltenek be a tart\u00f3ss\u00e1g, eszt\u00e9tika \u00e9s funkcionalit\u00e1s szempontj\u00e1b\u00f3l. A modern fejleszt\u00e9sek lehet\u0151v\u00e9 teszik az \u00e9p\u00edt\u00e9szeti tervek m\u00e9g v\u00e1ltozatosabb \u00e9s hat\u00e9konyabb kialak\u00edt\u00e1s\u00e1t, mik\u00f6zben k\u00f6rnyezeti szempontok szerint is \u00f6sszhangban maradnak. Ez\u00e9rt az anyagv\u00e1laszt\u00e1s nem csup\u00e1n technikai k\u00e9rd\u00e9s, hanem a design \u00e9s a fenntarthat\u00f3s\u00e1g integr\u00e1lt eleme is. Az anyagv\u00e1laszt\u00e1s szempontjai [&hellip;]","og_url":"https:\/\/www.gen-ethische-stiftung.de\/?p=118569","article_published_time":"2025-08-27T12:33:53+00:00","article_modified_time":"2026-08-27T10:33:54+00:00","twitter_card":"summary","twitter_misc":{"Written by":"wordpress_1d9d73dafc30","Est. reading time":"3 minutes"},"schema":{"@context":"https:\/\/schema.org","@graph":[{"@type":"WebSite","@id":"https:\/\/www.gen-ethische-stiftung.de\/#website","url":"https:\/\/www.gen-ethische-stiftung.de\/","name":"","description":"","potentialAction":[{"@type":"SearchAction","target":{"@type":"EntryPoint","urlTemplate":"https:\/\/www.gen-ethische-stiftung.de\/?s={search_term_string}"},"query-input":"required name=search_term_string"}],"inLanguage":"en-US"},{"@type":"WebPage","@id":"https:\/\/www.gen-ethische-stiftung.de\/?p=118569#webpage","url":"https:\/\/www.gen-ethische-stiftung.de\/?p=118569","name":"Az \u00e9p\u00edt\u0151ipar \u00e9s bels\u0151\u00e9p\u00edt\u00e9szet innovat\u00edv anyaghaszn\u00e1lata -","isPartOf":{"@id":"https:\/\/www.gen-ethische-stiftung.de\/#website"},"datePublished":"2025-08-27T12:33:53+00:00","dateModified":"2026-08-27T10:33:54+00:00","author":{"@id":"https:\/\/www.gen-ethische-stiftung.de\/#\/schema\/person\/983704f6819bdb05aea5a26d35c78e39"},"breadcrumb":{"@id":"https:\/\/www.gen-ethische-stiftung.de\/?p=118569#breadcrumb"},"inLanguage":"en-US","potentialAction":[{"@type":"ReadAction","target":["https:\/\/www.gen-ethische-stiftung.de\/?p=118569"]}]},{"@type":"BreadcrumbList","@id":"https:\/\/www.gen-ethische-stiftung.de\/?p=118569#breadcrumb","itemListElement":[{"@type":"ListItem","position":1,"name":"Home","item":"https:\/\/www.gen-ethische-stiftung.de\/"},{"@type":"ListItem","position":2,"name":"Az \u00e9p\u00edt\u0151ipar \u00e9s bels\u0151\u00e9p\u00edt\u00e9szet innovat\u00edv anyaghaszn\u00e1lata"}]},{"@type":"Person","@id":"https:\/\/www.gen-ethische-stiftung.de\/#\/schema\/person\/983704f6819bdb05aea5a26d35c78e39","name":"wordpress_1d9d73dafc30","url":"https:\/\/www.gen-ethische-stiftung.de\/?author=57"}]}},"_links":{"self":[{"href":"https:\/\/www.gen-ethische-stiftung.de\/index.php?rest_route=\/wp\/v2\/posts\/118569","targetHints":{"allow":["GET"]}}],"collection":[{"href":"https:\/\/www.gen-ethische-stiftung.de\/index.php?rest_route=\/wp\/v2\/posts"}],"about":[{"href":"https:\/\/www.gen-ethische-stiftung.de\/index.php?rest_route=\/wp\/v2\/types\/post"}],"author":[{"embeddable":true,"href":"https:\/\/www.gen-ethische-stiftung.de\/index.php?rest_route=\/wp\/v2\/users\/57"}],"replies":[{"embeddable":true,"href":"https:\/\/www.gen-ethische-stiftung.de\/index.php?rest_route=%2Fwp%2Fv2%2Fcomments&post=118569"}],"version-history":[{"count":0,"href":"https:\/\/www.gen-ethische-stiftung.de\/index.php?rest_route=\/wp\/v2\/posts\/118569\/revisions"}],"wp:attachment":[{"href":"https:\/\/www.gen-ethische-stiftung.de\/index.php?rest_route=%2Fwp%2Fv2%2Fmedia&parent=118569"}],"wp:term":[{"taxonomy":"category","embeddable":true,"href":"https:\/\/www.gen-ethische-stiftung.de\/index.php?rest_route=%2Fwp%2Fv2%2Fcategories&post=118569"},{"taxonomy":"post_tag","embeddable":true,"href":"https:\/\/www.gen-ethische-stiftung.de\/index.php?rest_route=%2Fwp%2Fv2%2Ftags&post=118569"}],"curies":[{"name":"wp","href":"https:\/\/api.w.org\/{rel}","templated":true}]}}