{"id":118591,"date":"2025-08-27T12:36:20","date_gmt":"2025-08-27T12:36:20","guid":{"rendered":"https:\/\/www.gen-ethische-stiftung.de\/?p=118591"},"modified":"2026-08-27T10:36:21","modified_gmt":"2026-08-27T10:36:21","slug":"a-dragonok-kulturtorteneti-jelentosege-es-mitologiai-szerepe","status":"publish","type":"post","link":"https:\/\/www.gen-ethische-stiftung.de\/?p=118591","title":{"rendered":"A drag\u00f3nok kult\u00fart\u00f6rt\u00e9neti jelent\u0151s\u00e9ge \u00e9s mitol\u00f3giai szerepe"},"content":{"rendered":"<p>A mitol\u00f3giai l\u00e9nyek k\u00f6z\u00fcl a drag\u00f3nok \u00e9vsz\u00e1zadokon kereszt\u00fcl foglalkoztatj\u00e1k az emberis\u00e9get, mind vall\u00e1si, mind kultur\u00e1lis szinten. Ezek a legend\u00e1s teremtm\u00e9nyek nemcsak az emberek k\u00e9pzelet\u00e9ben \u00e9lnek, hanem jelent\u0151s szimbolikus szerepet t\u00f6lt\u00f6ttek be a k\u00fcl\u00f6nb\u00f6z\u0151 n\u00e9pek hiedelemvil\u00e1g\u00e1ban. A k\u00fcl\u00f6nb\u00f6z\u0151 kult\u00far\u00e1kban megjelen\u0151 s\u00e1rk\u00e1nyok sokszor ellent\u00e9tes tulajdons\u00e1gokat testes\u00edtenek meg: egyes besz\u00e1mol\u00f3k szerint a j\u00f3l\u00e9thez, m\u00e1sok szerint pedig a pusztul\u00e1shoz kapcsol\u00f3dnak.<\/p>\n<p>Az \u00f3kori K\u00edn\u00e1ban a drag\u00f3nok a j\u00f3 szerencse \u00e9s a hatalom szimb\u00f3lumai voltak, gyakran \u00e1br\u00e1zolt\u00e1k k\u00edgy\u00f3 alakban, hossz\u00fa testtel, valamint a felh\u0151k \u00e9s a v\u00edzszf\u00e9r\u00e1k urai szerep\u00e9ben. Ezzel szemben az eur\u00f3pai k\u00f6z\u00e9pkori hagyom\u00e1nyokban a s\u00e1rk\u00e1nyokat gyakran a gonosz \u00e9s a kih\u00edv\u00e1s szimb\u00f3lumak\u00e9nt jelen\u00edtett\u00e9k meg, akiknek le kell gy\u0151zn\u0151j\u00fcket a h\u0151s\u00f6k.<\/p>\n<h2>A mitol\u00f3giai szeml\u00e9let \u00e9s a val\u00f3s kultur\u00e1lis hat\u00e1sok \u00f6sszefon\u00f3d\u00e1sa<\/h2>\n<p>Fontos meg\u00e9rteni, hogy a drag\u00f3nok nem csup\u00e1n mesei l\u00e9nyek, hanem a t\u00e1rsadalmi \u00e9s kultur\u00e1lis \u00e9rt\u00e9kek t\u00fckreik\u00e9nt is szolg\u00e1lnak. M\u00e9g napjainkban is sz\u00e1mos kultur\u00e1lis esem\u00e9ny \u00e9s m\u0171v\u00e9szeti alkot\u00e1s id\u00e9zi ezeket a legend\u00e1s l\u00e9nyeket, szimbolik\u00e1jukban \u00f6sszegz\u0151dik az er\u0151, a b\u00f6lcsess\u00e9g \u00e9s a v\u00e9delem fogalma.<\/p>\n<p>Egy \u00e9rdekes p\u00e9ld\u00e1ul az, hogy hogyan alakultak ki k\u00fcl\u00f6nb\u00f6z\u0151 \u00e1br\u00e1zol\u00e1sok \u00e9s mitol\u00f3giai \u00e9rtelmez\u00e9sek a vil\u00e1g k\u00fcl\u00f6nb\u00f6z\u0151 r\u00e9szein, illetve mik\u00e9nt v\u00e1ltoztak ezek az \u00e9vezredek sor\u00e1n. Sz\u00e1mos orsz\u00e1gban a drag\u00f3nok a nemzeti identit\u00e1s r\u00e9sz\u00e9v\u00e9 v\u00e1ltak, er\u0151s kultur\u00e1lis szimb\u00f3lumk\u00e9nt funkcion\u00e1lva. \u00c9rdemes lehet p\u00e9ld\u00e1ul megl\u00e1togatni a <a href=\"https:\/\/dragonia-magyar.com\/\">Dragonia<\/a> weboldalt, ahol r\u00e9szletesen bemutatj\u00e1k a magyar n\u00e9pi \u00e9s fikci\u00f3s drag\u00f3nok hagyom\u00e1nyait, valamint az ehhez kapcsol\u00f3d\u00f3 kultur\u00e1lis \u00f6r\u00f6ks\u00e9get.<\/p>\n<h2>Az ideol\u00f3giai \u00e9s m\u0171v\u00e9szi interpret\u00e1ci\u00f3 szerepe<\/h2>\n<p>Az \u00e9vsz\u00e1zadok sor\u00e1n kompon\u00e1lt m\u0171alkot\u00e1sok, irodalmi m\u0171vek \u00e9s filmek is bebizony\u00edtott\u00e1k, hogy a drag\u00f3nok hatalmas inspir\u00e1ci\u00f3forr\u00e1sok. M\u0171v\u00e9szek gyakran \u00e9rtelmezik ezeket a l\u00e9nyeket a saj\u00e1t val\u00f3s\u00e1guk jelk\u00e9pek\u00e9nt, \u00edgy alak\u00edtva \u00e1t a mitol\u00f3gia modernkori \u00e9rtelmez\u00e9seit. Ezek az \u00e1br\u00e1zol\u00e1sok lehetnek szimbolikusak vagy ak\u00e1r sz\u00f3rakoztat\u00f3ak is, ugyanakkor meg\u0151rzik az eredeti legend\u00e1k m\u00e9lyebb jelent\u00e9s\u00e9t.<\/p>\n<h2>\u00d6sszegz\u00e9s<\/h2>\n<p>A drag\u00f3nok szerepe t\u00falmutat a fantasy vil\u00e1g\u00e1n, val\u00f3di kultur\u00e1lis \u00e9s mitol\u00f3giai jelent\u0151s\u00e9ggel rendelkeznek. Annak \u00e9rdek\u00e9ben, hogy jobban meg\u00e9rtse, milyen gazdag \u00e9s sokr\u00e9t\u0171 a drag\u00f3nok t\u00f6rt\u00e9nete, \u00e9rdemes kutatni a k\u00fcl\u00f6nb\u00f6z\u0151 hagyom\u00e1nyokat \u00e9s kultur\u00e1lis \u00e9rtelmez\u00e9seket. Egy j\u00f3l \u00f6sszegz\u0151 forr\u00e1s lehet p\u00e9ld\u00e1ul a Dragonia oldal, ahol \u00e1tfog\u00f3 k\u00e9pet kaphatunk a magyar \u00e9s nemzetk\u00f6zi drak\u00f3nkult\u00far\u00e1kr\u00f3l, \u00edgy m\u00e9lyebben \u00e9rtelmezhetj\u00fck e legend\u00e1s l\u00e9nyek jelent\u0151s\u00e9g\u00e9t a modern vil\u00e1gban.<\/p>\n","protected":false},"excerpt":{"rendered":"<p>A mitol\u00f3giai l\u00e9nyek k\u00f6z\u00fcl a drag\u00f3nok \u00e9vsz\u00e1zadokon kereszt\u00fcl foglalkoztatj\u00e1k az emberis\u00e9get, mind vall\u00e1si, mind kultur\u00e1lis szinten. Ezek a legend\u00e1s teremtm\u00e9nyek nemcsak az emberek k\u00e9pzelet\u00e9ben \u00e9lnek, hanem jelent\u0151s szimbolikus szerepet t\u00f6lt\u00f6ttek be a k\u00fcl\u00f6nb\u00f6z\u0151 n\u00e9pek hiedelemvil\u00e1g\u00e1ban. A k\u00fcl\u00f6nb\u00f6z\u0151 kult\u00far\u00e1kban megjelen\u0151 s\u00e1rk\u00e1nyok sokszor ellent\u00e9tes tulajdons\u00e1gokat testes\u00edtenek meg: egyes besz\u00e1mol\u00f3k szerint a j\u00f3l\u00e9thez, m\u00e1sok szerint pedig a pusztul\u00e1shoz [&hellip;]<\/p>\n","protected":false},"author":57,"featured_media":0,"comment_status":"closed","ping_status":"open","sticky":false,"template":"","format":"standard","meta":{"footnotes":""},"categories":[1],"tags":[],"class_list":["post-118591","post","type-post","status-publish","format-standard","hentry","category-uncategorized"],"yoast_head":"<!-- This site is optimized with the Yoast SEO plugin v17.7 - https:\/\/yoast.com\/wordpress\/plugins\/seo\/ -->\n<meta name=\"robots\" content=\"index, follow, max-snippet:-1, max-image-preview:large, max-video-preview:-1\" \/>\n<link rel=\"canonical\" href=\"https:\/\/www.gen-ethische-stiftung.de\/?p=118591\" \/>\n<meta property=\"og:locale\" content=\"en_US\" \/>\n<meta property=\"og:type\" content=\"article\" \/>\n<meta property=\"og:title\" content=\"A drag\u00f3nok kult\u00fart\u00f6rt\u00e9neti jelent\u0151s\u00e9ge \u00e9s mitol\u00f3giai szerepe -\" \/>\n<meta property=\"og:description\" content=\"A mitol\u00f3giai l\u00e9nyek k\u00f6z\u00fcl a drag\u00f3nok \u00e9vsz\u00e1zadokon kereszt\u00fcl foglalkoztatj\u00e1k az emberis\u00e9get, mind vall\u00e1si, mind kultur\u00e1lis szinten. Ezek a legend\u00e1s teremtm\u00e9nyek nemcsak az emberek k\u00e9pzelet\u00e9ben \u00e9lnek, hanem jelent\u0151s szimbolikus szerepet t\u00f6lt\u00f6ttek be a k\u00fcl\u00f6nb\u00f6z\u0151 n\u00e9pek hiedelemvil\u00e1g\u00e1ban. A k\u00fcl\u00f6nb\u00f6z\u0151 kult\u00far\u00e1kban megjelen\u0151 s\u00e1rk\u00e1nyok sokszor ellent\u00e9tes tulajdons\u00e1gokat testes\u00edtenek meg: egyes besz\u00e1mol\u00f3k szerint a j\u00f3l\u00e9thez, m\u00e1sok szerint pedig a pusztul\u00e1shoz [&hellip;]\" \/>\n<meta property=\"og:url\" content=\"https:\/\/www.gen-ethische-stiftung.de\/?p=118591\" \/>\n<meta property=\"article:published_time\" content=\"2025-08-27T12:36:20+00:00\" \/>\n<meta property=\"article:modified_time\" content=\"2026-08-27T10:36:21+00:00\" \/>\n<meta name=\"twitter:card\" content=\"summary\" \/>\n<meta name=\"twitter:label1\" content=\"Written by\" \/>\n\t<meta name=\"twitter:data1\" content=\"wordpress_1d9d73dafc30\" \/>\n\t<meta name=\"twitter:label2\" content=\"Est. reading time\" \/>\n\t<meta name=\"twitter:data2\" content=\"3 minutes\" \/>\n<script type=\"application\/ld+json\" class=\"yoast-schema-graph\">{\"@context\":\"https:\/\/schema.org\",\"@graph\":[{\"@type\":\"WebSite\",\"@id\":\"https:\/\/www.gen-ethische-stiftung.de\/#website\",\"url\":\"https:\/\/www.gen-ethische-stiftung.de\/\",\"name\":\"\",\"description\":\"\",\"potentialAction\":[{\"@type\":\"SearchAction\",\"target\":{\"@type\":\"EntryPoint\",\"urlTemplate\":\"https:\/\/www.gen-ethische-stiftung.de\/?s={search_term_string}\"},\"query-input\":\"required name=search_term_string\"}],\"inLanguage\":\"en-US\"},{\"@type\":\"WebPage\",\"@id\":\"https:\/\/www.gen-ethische-stiftung.de\/?p=118591#webpage\",\"url\":\"https:\/\/www.gen-ethische-stiftung.de\/?p=118591\",\"name\":\"A drag\\u00f3nok kult\\u00fart\\u00f6rt\\u00e9neti jelent\\u0151s\\u00e9ge \\u00e9s mitol\\u00f3giai szerepe -\",\"isPartOf\":{\"@id\":\"https:\/\/www.gen-ethische-stiftung.de\/#website\"},\"datePublished\":\"2025-08-27T12:36:20+00:00\",\"dateModified\":\"2026-08-27T10:36:21+00:00\",\"author\":{\"@id\":\"https:\/\/www.gen-ethische-stiftung.de\/#\/schema\/person\/983704f6819bdb05aea5a26d35c78e39\"},\"breadcrumb\":{\"@id\":\"https:\/\/www.gen-ethische-stiftung.de\/?p=118591#breadcrumb\"},\"inLanguage\":\"en-US\",\"potentialAction\":[{\"@type\":\"ReadAction\",\"target\":[\"https:\/\/www.gen-ethische-stiftung.de\/?p=118591\"]}]},{\"@type\":\"BreadcrumbList\",\"@id\":\"https:\/\/www.gen-ethische-stiftung.de\/?p=118591#breadcrumb\",\"itemListElement\":[{\"@type\":\"ListItem\",\"position\":1,\"name\":\"Home\",\"item\":\"https:\/\/www.gen-ethische-stiftung.de\/\"},{\"@type\":\"ListItem\",\"position\":2,\"name\":\"A drag\\u00f3nok kult\\u00fart\\u00f6rt\\u00e9neti jelent\\u0151s\\u00e9ge \\u00e9s mitol\\u00f3giai szerepe\"}]},{\"@type\":\"Person\",\"@id\":\"https:\/\/www.gen-ethische-stiftung.de\/#\/schema\/person\/983704f6819bdb05aea5a26d35c78e39\",\"name\":\"wordpress_1d9d73dafc30\",\"url\":\"https:\/\/www.gen-ethische-stiftung.de\/?author=57\"}]}<\/script>\n<!-- \/ Yoast SEO plugin. -->","yoast_head_json":{"robots":{"index":"index","follow":"follow","max-snippet":"max-snippet:-1","max-image-preview":"max-image-preview:large","max-video-preview":"max-video-preview:-1"},"canonical":"https:\/\/www.gen-ethische-stiftung.de\/?p=118591","og_locale":"en_US","og_type":"article","og_title":"A drag\u00f3nok kult\u00fart\u00f6rt\u00e9neti jelent\u0151s\u00e9ge \u00e9s mitol\u00f3giai szerepe -","og_description":"A mitol\u00f3giai l\u00e9nyek k\u00f6z\u00fcl a drag\u00f3nok \u00e9vsz\u00e1zadokon kereszt\u00fcl foglalkoztatj\u00e1k az emberis\u00e9get, mind vall\u00e1si, mind kultur\u00e1lis szinten. Ezek a legend\u00e1s teremtm\u00e9nyek nemcsak az emberek k\u00e9pzelet\u00e9ben \u00e9lnek, hanem jelent\u0151s szimbolikus szerepet t\u00f6lt\u00f6ttek be a k\u00fcl\u00f6nb\u00f6z\u0151 n\u00e9pek hiedelemvil\u00e1g\u00e1ban. A k\u00fcl\u00f6nb\u00f6z\u0151 kult\u00far\u00e1kban megjelen\u0151 s\u00e1rk\u00e1nyok sokszor ellent\u00e9tes tulajdons\u00e1gokat testes\u00edtenek meg: egyes besz\u00e1mol\u00f3k szerint a j\u00f3l\u00e9thez, m\u00e1sok szerint pedig a pusztul\u00e1shoz [&hellip;]","og_url":"https:\/\/www.gen-ethische-stiftung.de\/?p=118591","article_published_time":"2025-08-27T12:36:20+00:00","article_modified_time":"2026-08-27T10:36:21+00:00","twitter_card":"summary","twitter_misc":{"Written by":"wordpress_1d9d73dafc30","Est. reading time":"3 minutes"},"schema":{"@context":"https:\/\/schema.org","@graph":[{"@type":"WebSite","@id":"https:\/\/www.gen-ethische-stiftung.de\/#website","url":"https:\/\/www.gen-ethische-stiftung.de\/","name":"","description":"","potentialAction":[{"@type":"SearchAction","target":{"@type":"EntryPoint","urlTemplate":"https:\/\/www.gen-ethische-stiftung.de\/?s={search_term_string}"},"query-input":"required name=search_term_string"}],"inLanguage":"en-US"},{"@type":"WebPage","@id":"https:\/\/www.gen-ethische-stiftung.de\/?p=118591#webpage","url":"https:\/\/www.gen-ethische-stiftung.de\/?p=118591","name":"A drag\u00f3nok kult\u00fart\u00f6rt\u00e9neti jelent\u0151s\u00e9ge \u00e9s mitol\u00f3giai szerepe -","isPartOf":{"@id":"https:\/\/www.gen-ethische-stiftung.de\/#website"},"datePublished":"2025-08-27T12:36:20+00:00","dateModified":"2026-08-27T10:36:21+00:00","author":{"@id":"https:\/\/www.gen-ethische-stiftung.de\/#\/schema\/person\/983704f6819bdb05aea5a26d35c78e39"},"breadcrumb":{"@id":"https:\/\/www.gen-ethische-stiftung.de\/?p=118591#breadcrumb"},"inLanguage":"en-US","potentialAction":[{"@type":"ReadAction","target":["https:\/\/www.gen-ethische-stiftung.de\/?p=118591"]}]},{"@type":"BreadcrumbList","@id":"https:\/\/www.gen-ethische-stiftung.de\/?p=118591#breadcrumb","itemListElement":[{"@type":"ListItem","position":1,"name":"Home","item":"https:\/\/www.gen-ethische-stiftung.de\/"},{"@type":"ListItem","position":2,"name":"A drag\u00f3nok kult\u00fart\u00f6rt\u00e9neti jelent\u0151s\u00e9ge \u00e9s mitol\u00f3giai szerepe"}]},{"@type":"Person","@id":"https:\/\/www.gen-ethische-stiftung.de\/#\/schema\/person\/983704f6819bdb05aea5a26d35c78e39","name":"wordpress_1d9d73dafc30","url":"https:\/\/www.gen-ethische-stiftung.de\/?author=57"}]}},"_links":{"self":[{"href":"https:\/\/www.gen-ethische-stiftung.de\/index.php?rest_route=\/wp\/v2\/posts\/118591","targetHints":{"allow":["GET"]}}],"collection":[{"href":"https:\/\/www.gen-ethische-stiftung.de\/index.php?rest_route=\/wp\/v2\/posts"}],"about":[{"href":"https:\/\/www.gen-ethische-stiftung.de\/index.php?rest_route=\/wp\/v2\/types\/post"}],"author":[{"embeddable":true,"href":"https:\/\/www.gen-ethische-stiftung.de\/index.php?rest_route=\/wp\/v2\/users\/57"}],"replies":[{"embeddable":true,"href":"https:\/\/www.gen-ethische-stiftung.de\/index.php?rest_route=%2Fwp%2Fv2%2Fcomments&post=118591"}],"version-history":[{"count":0,"href":"https:\/\/www.gen-ethische-stiftung.de\/index.php?rest_route=\/wp\/v2\/posts\/118591\/revisions"}],"wp:attachment":[{"href":"https:\/\/www.gen-ethische-stiftung.de\/index.php?rest_route=%2Fwp%2Fv2%2Fmedia&parent=118591"}],"wp:term":[{"taxonomy":"category","embeddable":true,"href":"https:\/\/www.gen-ethische-stiftung.de\/index.php?rest_route=%2Fwp%2Fv2%2Fcategories&post=118591"},{"taxonomy":"post_tag","embeddable":true,"href":"https:\/\/www.gen-ethische-stiftung.de\/index.php?rest_route=%2Fwp%2Fv2%2Ftags&post=118591"}],"curies":[{"name":"wp","href":"https:\/\/api.w.org\/{rel}","templated":true}]}}