{"id":152226,"date":"2025-09-02T08:10:16","date_gmt":"2025-09-02T08:10:16","guid":{"rendered":"https:\/\/www.gen-ethische-stiftung.de\/?p=152226"},"modified":"2025-09-02T08:10:16","modified_gmt":"2025-09-02T08:10:16","slug":"vandring-och-friluftsliv-har-lange-kravt-noggrann-planering-och-forberedelse-traditionellt-har-padd","status":"publish","type":"post","link":"https:\/\/www.gen-ethische-stiftung.de\/?p=152226","title":{"rendered":"Vandring och friluftsliv har l\u00e4nge kr\u00e4vt noggrann planering och f\u00f6rberedelse. Traditionellt har padd"},"content":{"rendered":"<p><main><\/p>\n<h2>Inledning: En ny era f\u00f6r friluftsentusiaster<\/h2>\n<p>Vandring och friluftsliv har l\u00e4nge kr\u00e4vt noggrann planering och f\u00f6rberedelse. Traditionellt har paddlar, papper- och penna samt erfarenhet st\u00e5tt i centrum f\u00f6r att optimera packningen. Men med den snabba digitaliseringen av friluftslivet tar nya verktyg och applikationer plats f\u00f6r att erbjuda mer precisa, anpassningsbara och anv\u00e4ndarv\u00e4nliga l\u00f6sningar. Dessa teknologiska framsteg ger inte bara ett verktyg f\u00f6r att ber\u00e4kna packvikten, utan ocks\u00e5 en djupare f\u00f6rst\u00e5else f\u00f6r hur utrustning p\u00e5verkar vandrardygnet och s\u00e4kerheten.<\/p>\n<h2>Vikten av r\u00e4tt packning: Fr\u00e5n riskminimering till \u00f6kad njutning<\/h2>\n<p>En ofta f\u00f6rbisedd aspekt av vandring \u00e4r vikten p\u00e5 det b\u00e4rbara paketet. Felaktigt packad utrustning kan leda till snabbare tr\u00f6tthet, s\u00e4mre balans och till och med skador. D\u00e4rf\u00f6r har eksperter i friluftsindustrin l\u00e4nge betonat vikten av att noga v\u00e4ga och balansera utrustningen innan avf\u00e4rd.<\/p>\n<p>Statistiken visar att 80 % av friluftsanv\u00e4ndare underskattar vikten av sin packning, vilket kan orsaka o\u00f6nskade komplikationer p\u00e5 l\u00e4ngre str\u00e4ckor. H\u00e4r spelar digitala verktyg en avg\u00f6rande roll i att f\u00f6rutse vikten, f\u00f6r att s\u00e4kerst\u00e4lla att varje gram \u00e4r v\u00e4lf\u00f6rtj\u00e4nt och m\u00e5lmedvetet.<\/p>\n<h2>Teknologins roll i att optimera packningen<\/h2>\n<p>Det senaste decenniet har digitala applikationer vuxit fram som m\u00e5ste ha f\u00f6r moderna friluftsentusiaster. Dessa verktyg kombinerar dataanalys, anv\u00e4ndarfeedback och smarta algoritmer f\u00f6r att hj\u00e4lpa anv\u00e4ndare att anpassa sin packning efter specifika behov och terr\u00e4ng.<\/p>\n<p>En av de mest effektiva l\u00f6sningarna f\u00f6r detta \u00e4r <a href=\"https:\/\/trailpackweight.app\/sv\/\">skaffa Trail Pack Weight mobilapp p\u00e5 mobilen<\/a>. Denna app ger m\u00f6jlighet att noggrant ber\u00e4kna packvikten, allt fr\u00e5n kl\u00e4der, mat till utrustning, och hj\u00e4lper anv\u00e4ndaren att g\u00f6ra informerade val f\u00f6r sin vandring. Att ha tillg\u00e5ng till denna informationsk\u00e4lla direkt p\u00e5 mobilen under planering och under f\u00e4rd \u00e4r en revolutionerande tillg\u00e5ng f\u00f6r moderna \u00e4ventyrare.<\/p>\n<h2>S\u00e5 fungerar moderna packningsverktyg<\/h2>\n<table>\n<thead>\n<tr>\n<th>Funktion<\/th>\n<th>Beskrivning<\/th>\n<th>F\u00f6rdelar<\/th>\n<\/tr>\n<\/thead>\n<tbody>\n<tr>\n<td>Viktsimulation<\/td>\n<td>Skapa en virtuell packning och simulera total vikten<\/td>\n<td>Minska \u00f6vervikt och f\u00f6rb\u00e4ttra balansen<\/td>\n<\/tr>\n<tr>\n<td>Optimeringsalgoritm<\/td>\n<td>Rekommenderar de mest viktbesparande utrustningsvalen<\/td>\n<td>Minimerar on\u00f6diga vikter<\/td>\n<\/tr>\n<tr>\n<td>Anpassad planering<\/td>\n<td>Anpassar packning baserat p\u00e5 v\u00e4der, terr\u00e4ng och l\u00e4ngd<\/td>\n<td>\u00d6kar s\u00e4kerhet och komfort<\/td>\n<\/tr>\n<\/tbody>\n<\/table>\n<h2>Expertinsikter: Fr\u00e5n teori till praktik<\/h2>\n<p>En ledande friluftsexpert, Jonas Karlsson, betonar vikten av digitala verktyg f\u00f6r att &#8220;inte bara spara vikt, utan ocks\u00e5 f\u00f6r att \u00f6ka medvetenheten kring vad som verkligen beh\u00f6vs p\u00e5 en vandring.&#8221; Med hj\u00e4lp av avancerade appar kan anv\u00e4ndare nu planera sin packning minut f\u00f6r minut, vilket inte var m\u00f6jligt f\u00f6r tio \u00e5r sedan.<\/p>\n<blockquote><p>\n&#8220;Friluftsliv \u00e4r inte l\u00e4ngre bara v\u00e4ska och vandrare, utan en integrerad process d\u00e4r data och teknologi hj\u00e4lper oss att f\u00f6rb\u00e4ttra s\u00e4kerheten och njutningen,&#8221; s\u00e4ger Jonas.\n<\/p><\/blockquote>\n<p>Det \u00e4r tydligt att digitala verktyg inte bara \u00e4r ett komplement, utan en n\u00f6dv\u00e4ndig del av moderna \u00e4ventyrares verktygsl\u00e5da.<\/p>\n<h2>Sammanfattning: Framtidens vandring<\/h2>\n<p>F\u00f6r vanliga \u00e4ventyrare och erfarna expeditioner inneb\u00e4r integrationen av digitala packningsverktyg en rad f\u00f6rdelar \u2014 fr\u00e5n att minska \u00f6verbelastning till att maximera njutningen. Att investera i smarta appar som skaffa Trail Pack Weight mobilapp p\u00e5 mobilen \u00e4r ett steg mot att skapa mer s\u00e4kra, bekv\u00e4ma och minnesv\u00e4rda vandringsupplevelser.<\/p>\n<p>Denna utveckling markerar ett paradigmskifte i friluftslivets digitala revolution \u2014 d\u00e4r data, precision och f\u00f6rberedelse sammanstr\u00e5lar f\u00f6r att g\u00f6ra \u00e4ventyret b\u00e5de s\u00e4krare och mer givande.<\/p>\n<p><\/main><\/p>\n","protected":false},"excerpt":{"rendered":"<p>Inledning: En ny era f\u00f6r friluftsentusiaster Vandring och friluftsliv har l\u00e4nge kr\u00e4vt noggrann planering och f\u00f6rberedelse. Traditionellt har paddlar, papper- och penna samt erfarenhet st\u00e5tt i centrum f\u00f6r att optimera packningen. Men med den snabba digitaliseringen av friluftslivet tar nya verktyg och applikationer plats f\u00f6r att erbjuda mer precisa, anpassningsbara och anv\u00e4ndarv\u00e4nliga l\u00f6sningar. Dessa teknologiska [&hellip;]<\/p>\n","protected":false},"author":57,"featured_media":0,"comment_status":"","ping_status":"","sticky":false,"template":"","format":"standard","meta":{"footnotes":""},"categories":[],"tags":[],"class_list":["post-152226","post","type-post","status-publish","format-standard","hentry"],"yoast_head":"<!-- This site is optimized with the Yoast SEO plugin v17.7 - https:\/\/yoast.com\/wordpress\/plugins\/seo\/ -->\n<meta name=\"robots\" content=\"index, follow, max-snippet:-1, max-image-preview:large, max-video-preview:-1\" \/>\n<link rel=\"canonical\" href=\"https:\/\/www.gen-ethische-stiftung.de\/?p=152226\" \/>\n<meta property=\"og:locale\" content=\"en_US\" \/>\n<meta property=\"og:type\" content=\"article\" \/>\n<meta property=\"og:title\" content=\"Vandring och friluftsliv har l\u00e4nge kr\u00e4vt noggrann planering och f\u00f6rberedelse. Traditionellt har padd -\" \/>\n<meta property=\"og:description\" content=\"Inledning: En ny era f\u00f6r friluftsentusiaster Vandring och friluftsliv har l\u00e4nge kr\u00e4vt noggrann planering och f\u00f6rberedelse. Traditionellt har paddlar, papper- och penna samt erfarenhet st\u00e5tt i centrum f\u00f6r att optimera packningen. Men med den snabba digitaliseringen av friluftslivet tar nya verktyg och applikationer plats f\u00f6r att erbjuda mer precisa, anpassningsbara och anv\u00e4ndarv\u00e4nliga l\u00f6sningar. Dessa teknologiska [&hellip;]\" \/>\n<meta property=\"og:url\" content=\"https:\/\/www.gen-ethische-stiftung.de\/?p=152226\" \/>\n<meta property=\"article:published_time\" content=\"2025-09-02T08:10:16+00:00\" \/>\n<meta name=\"twitter:card\" content=\"summary\" \/>\n<meta name=\"twitter:label1\" content=\"Written by\" \/>\n\t<meta name=\"twitter:data1\" content=\"wordpress_1d9d73dafc30\" \/>\n\t<meta name=\"twitter:label2\" content=\"Est. reading time\" \/>\n\t<meta name=\"twitter:data2\" content=\"3 minutes\" \/>\n<script type=\"application\/ld+json\" class=\"yoast-schema-graph\">{\"@context\":\"https:\/\/schema.org\",\"@graph\":[{\"@type\":\"WebSite\",\"@id\":\"https:\/\/www.gen-ethische-stiftung.de\/#website\",\"url\":\"https:\/\/www.gen-ethische-stiftung.de\/\",\"name\":\"\",\"description\":\"\",\"potentialAction\":[{\"@type\":\"SearchAction\",\"target\":{\"@type\":\"EntryPoint\",\"urlTemplate\":\"https:\/\/www.gen-ethische-stiftung.de\/?s={search_term_string}\"},\"query-input\":\"required name=search_term_string\"}],\"inLanguage\":\"en-US\"},{\"@type\":\"WebPage\",\"@id\":\"https:\/\/www.gen-ethische-stiftung.de\/?p=152226#webpage\",\"url\":\"https:\/\/www.gen-ethische-stiftung.de\/?p=152226\",\"name\":\"Vandring och friluftsliv har l\\u00e4nge kr\\u00e4vt noggrann planering och f\\u00f6rberedelse. Traditionellt har padd -\",\"isPartOf\":{\"@id\":\"https:\/\/www.gen-ethische-stiftung.de\/#website\"},\"datePublished\":\"2025-09-02T08:10:16+00:00\",\"dateModified\":\"2025-09-02T08:10:16+00:00\",\"author\":{\"@id\":\"https:\/\/www.gen-ethische-stiftung.de\/#\/schema\/person\/983704f6819bdb05aea5a26d35c78e39\"},\"breadcrumb\":{\"@id\":\"https:\/\/www.gen-ethische-stiftung.de\/?p=152226#breadcrumb\"},\"inLanguage\":\"en-US\",\"potentialAction\":[{\"@type\":\"ReadAction\",\"target\":[\"https:\/\/www.gen-ethische-stiftung.de\/?p=152226\"]}]},{\"@type\":\"BreadcrumbList\",\"@id\":\"https:\/\/www.gen-ethische-stiftung.de\/?p=152226#breadcrumb\",\"itemListElement\":[{\"@type\":\"ListItem\",\"position\":1,\"name\":\"Home\",\"item\":\"https:\/\/www.gen-ethische-stiftung.de\/\"},{\"@type\":\"ListItem\",\"position\":2,\"name\":\"Vandring och friluftsliv har l\\u00e4nge kr\\u00e4vt noggrann planering och f\\u00f6rberedelse. Traditionellt har padd\"}]},{\"@type\":\"Person\",\"@id\":\"https:\/\/www.gen-ethische-stiftung.de\/#\/schema\/person\/983704f6819bdb05aea5a26d35c78e39\",\"name\":\"wordpress_1d9d73dafc30\",\"url\":\"https:\/\/www.gen-ethische-stiftung.de\/?author=57\"}]}<\/script>\n<!-- \/ Yoast SEO plugin. -->","yoast_head_json":{"robots":{"index":"index","follow":"follow","max-snippet":"max-snippet:-1","max-image-preview":"max-image-preview:large","max-video-preview":"max-video-preview:-1"},"canonical":"https:\/\/www.gen-ethische-stiftung.de\/?p=152226","og_locale":"en_US","og_type":"article","og_title":"Vandring och friluftsliv har l\u00e4nge kr\u00e4vt noggrann planering och f\u00f6rberedelse. Traditionellt har padd -","og_description":"Inledning: En ny era f\u00f6r friluftsentusiaster Vandring och friluftsliv har l\u00e4nge kr\u00e4vt noggrann planering och f\u00f6rberedelse. Traditionellt har paddlar, papper- och penna samt erfarenhet st\u00e5tt i centrum f\u00f6r att optimera packningen. Men med den snabba digitaliseringen av friluftslivet tar nya verktyg och applikationer plats f\u00f6r att erbjuda mer precisa, anpassningsbara och anv\u00e4ndarv\u00e4nliga l\u00f6sningar. Dessa teknologiska [&hellip;]","og_url":"https:\/\/www.gen-ethische-stiftung.de\/?p=152226","article_published_time":"2025-09-02T08:10:16+00:00","twitter_card":"summary","twitter_misc":{"Written by":"wordpress_1d9d73dafc30","Est. reading time":"3 minutes"},"schema":{"@context":"https:\/\/schema.org","@graph":[{"@type":"WebSite","@id":"https:\/\/www.gen-ethische-stiftung.de\/#website","url":"https:\/\/www.gen-ethische-stiftung.de\/","name":"","description":"","potentialAction":[{"@type":"SearchAction","target":{"@type":"EntryPoint","urlTemplate":"https:\/\/www.gen-ethische-stiftung.de\/?s={search_term_string}"},"query-input":"required name=search_term_string"}],"inLanguage":"en-US"},{"@type":"WebPage","@id":"https:\/\/www.gen-ethische-stiftung.de\/?p=152226#webpage","url":"https:\/\/www.gen-ethische-stiftung.de\/?p=152226","name":"Vandring och friluftsliv har l\u00e4nge kr\u00e4vt noggrann planering och f\u00f6rberedelse. Traditionellt har padd -","isPartOf":{"@id":"https:\/\/www.gen-ethische-stiftung.de\/#website"},"datePublished":"2025-09-02T08:10:16+00:00","dateModified":"2025-09-02T08:10:16+00:00","author":{"@id":"https:\/\/www.gen-ethische-stiftung.de\/#\/schema\/person\/983704f6819bdb05aea5a26d35c78e39"},"breadcrumb":{"@id":"https:\/\/www.gen-ethische-stiftung.de\/?p=152226#breadcrumb"},"inLanguage":"en-US","potentialAction":[{"@type":"ReadAction","target":["https:\/\/www.gen-ethische-stiftung.de\/?p=152226"]}]},{"@type":"BreadcrumbList","@id":"https:\/\/www.gen-ethische-stiftung.de\/?p=152226#breadcrumb","itemListElement":[{"@type":"ListItem","position":1,"name":"Home","item":"https:\/\/www.gen-ethische-stiftung.de\/"},{"@type":"ListItem","position":2,"name":"Vandring och friluftsliv har l\u00e4nge kr\u00e4vt noggrann planering och f\u00f6rberedelse. Traditionellt har padd"}]},{"@type":"Person","@id":"https:\/\/www.gen-ethische-stiftung.de\/#\/schema\/person\/983704f6819bdb05aea5a26d35c78e39","name":"wordpress_1d9d73dafc30","url":"https:\/\/www.gen-ethische-stiftung.de\/?author=57"}]}},"_links":{"self":[{"href":"https:\/\/www.gen-ethische-stiftung.de\/index.php?rest_route=\/wp\/v2\/posts\/152226","targetHints":{"allow":["GET"]}}],"collection":[{"href":"https:\/\/www.gen-ethische-stiftung.de\/index.php?rest_route=\/wp\/v2\/posts"}],"about":[{"href":"https:\/\/www.gen-ethische-stiftung.de\/index.php?rest_route=\/wp\/v2\/types\/post"}],"author":[{"embeddable":true,"href":"https:\/\/www.gen-ethische-stiftung.de\/index.php?rest_route=\/wp\/v2\/users\/57"}],"replies":[{"embeddable":true,"href":"https:\/\/www.gen-ethische-stiftung.de\/index.php?rest_route=%2Fwp%2Fv2%2Fcomments&post=152226"}],"version-history":[{"count":0,"href":"https:\/\/www.gen-ethische-stiftung.de\/index.php?rest_route=\/wp\/v2\/posts\/152226\/revisions"}],"wp:attachment":[{"href":"https:\/\/www.gen-ethische-stiftung.de\/index.php?rest_route=%2Fwp%2Fv2%2Fmedia&parent=152226"}],"wp:term":[{"taxonomy":"category","embeddable":true,"href":"https:\/\/www.gen-ethische-stiftung.de\/index.php?rest_route=%2Fwp%2Fv2%2Fcategories&post=152226"},{"taxonomy":"post_tag","embeddable":true,"href":"https:\/\/www.gen-ethische-stiftung.de\/index.php?rest_route=%2Fwp%2Fv2%2Ftags&post=152226"}],"curies":[{"name":"wp","href":"https:\/\/api.w.org\/{rel}","templated":true}]}}