{"id":152403,"date":"2025-09-02T09:42:11","date_gmt":"2025-09-02T09:42:11","guid":{"rendered":"https:\/\/www.gen-ethische-stiftung.de\/?p=152403"},"modified":"2026-09-02T07:42:14","modified_gmt":"2026-09-02T07:42:14","slug":"reinventer-la-gestion-de-la-vie-privee-numerique-a-l-ere-mobile","status":"publish","type":"post","link":"https:\/\/www.gen-ethische-stiftung.de\/?p=152403","title":{"rendered":"R\u00e9inventer la gestion de la vie priv\u00e9e num\u00e9rique \u00e0 l\u2019\u00e8re mobile"},"content":{"rendered":"<h2>Introduction : La mont\u00e9e en puissance des outils de journal intime num\u00e9rique<\/h2>\n<p>Dans un monde o\u00f9 la vie priv\u00e9e num\u00e9rique devient une pr\u00e9occupation essentielle, la mani\u00e8re dont nous consignons nos pens\u00e9es, souvenirs et r\u00e9flexions \u00e9volue rapidement. La croissance des applications mobiles d\u00e9di\u00e9es \u00e0 l\u2019\u00e9criture personnelle s\u2019inscrit dans cette tendance, transformant la pratique du journal intime traditionnel en une exp\u00e9rience digitale contextualis\u00e9e et accessible en d\u00e9placement. Selon une \u00e9tude r\u00e9cente de l\u2019Observatoire de la Vie Priv\u00e9e Num\u00e9rique, plus de 65% des utilisateurs de smartphones utilisent r\u00e9guli\u00e8rement des applications pour documenter leur vie priv\u00e9e, un chiffre en constante augmentation.<\/p>\n<h2>Les d\u00e9fis de la confidentialit\u00e9 et de la contr\u00f4le des donn\u00e9es personnelles<\/h2>\n<p>Ce changement de paradigme soul\u00e8ve toutefois une probl\u00e9matique centrale : la s\u00e9curit\u00e9 et la confidentialit\u00e9 des donn\u00e9es. Contrairement aux journaux papier, o\u00f9 les acc\u00e8s sont limit\u00e9s, les journaux num\u00e9riques sont souvent stock\u00e9s dans le cloud ou sur des serveurs tiers, exposant potentiellement les utilisateurs \u00e0 des risques de violation de leur vie priv\u00e9e. De nombreux amateurs et professionnels cherchent donc des solutions leur permettant de maintenir un contr\u00f4le total sur leurs contenus, notamment via des applications qui garantissent l\u2019acc\u00e8s en mode priv\u00e9 et s\u00e9curis\u00e9.<\/p>\n<h2>Les solutions innovantes : une approche centr\u00e9e utilisateur et multifonctionnelle<\/h2>\n<p>Certains outils modernes se distinguent par leur capacit\u00e9 \u00e0 int\u00e9grer une s\u00e9curit\u00e9 renforc\u00e9e tout en proposant une ergonomie adapt\u00e9e \u00e0 l\u2019utilisation mobile. Parmi ces solutions, <a href=\"https:\/\/memoryjarprivatejournal.app\/fr\/\">essaie Memory Jar Private Journal en ligne sur mobile<\/a> permet aux utilisateurs de pr\u00e9server leur intimit\u00e9 tout en b\u00e9n\u00e9ficiant d\u2019une plateforme accessible et intuitive. Cette application se distingue par ses fonctionnalit\u00e9s decryptage avanc\u00e9, son chiffrement de bout en bout, et sa facilit\u00e9 d\u2019utilisation sur smartphones et tablettes \u2014 un must pour ceux qui cherchent \u00e0 documenter leur quotidien en toute discr\u00e9tion.<\/p>\n<h2>Le r\u00f4le de la personnalisation et de l\u2019int\u00e9gration dans la pr\u00e9servation de la vie priv\u00e9e<\/h2>\n<p>Les applications priv\u00e9es comme Memory Jar offrent un espace personnalis\u00e9, o\u00f9 l\u2019utilisateur peut choisir le mode de sauvegarde, la priorit\u00e9 de confidentialit\u00e9, et m\u00eame la synchronisation avec d\u2019autres services s\u00e9curis\u00e9s. La capacit\u00e9 \u00e0 g\u00e9rer ces param\u00e8tres sur mobile permet une consommation et une gestion instantan\u00e9e, augmentant la fr\u00e9quence d\u2019utilisation et l\u2019engagement personnel. En cela, elles participent \u00e0 une r\u00e9volution dans la mani\u00e8re dont l\u2019individu contr\u00f4le son identit\u00e9 digitale.<\/p>\n<h2>Une r\u00e9flexion strat\u00e9gique pour les \u00e9diteurs et les utilisateurs<\/h2>\n<p>Les \u00e9diteurs doivent d\u00e9sormais prioriser la transparence et la simplicit\u00e9 pour gagner la confiance de leur communaut\u00e9 utilisateur. La croissance de services comme Memory Jar t\u00e9moigne d\u2019un march\u00e9 en pleine expansion, o\u00f9 la confidentialit\u00e9 n\u2019est pas une option, mais une n\u00e9cessit\u00e9. Pour l\u2019utilisateur, cela signifie \u00e9galement une responsabilit\u00e9 accrue : ma\u00eetriser ses param\u00e8tres de s\u00e9curit\u00e9 et faire des choix \u00e9clair\u00e9s quant \u00e0 l\u2019utilisation des donn\u00e9es personnelles.<\/p>\n<h2>Conclusion : La confidentialit\u00e9 mobile comme nouvelle norme<\/h2>\n<p>Alors que la technologie \u00e9volue rapidement, la capacit\u00e9 \u00e0 documenter sa vie en toute s\u00e9curit\u00e9 et dans la discr\u00e9tion devient un enjeu central pour la sph\u00e8re priv\u00e9e. La mobilit\u00e9, au c\u0153ur de cette transformation, rend disponible un potentiel \u00e9norme pour pr\u00e9server son intimit\u00e9 tout en b\u00e9n\u00e9ficiant de la praticit\u00e9 num\u00e9rique. N\u2019h\u00e9sitez pas \u00e0 essaie Memory Jar Private Journal en ligne sur mobile pour exp\u00e9rimenter une solution innovante et fiable dans la gestion de votre journal priv\u00e9 num\u00e9rique, adapt\u00e9e \u00e0 l\u2019usage moderne et nomade.<\/p>\n<div class=\"callout\">\n<h2 style=\"color:#f39c12;\">Note importante<\/h2>\n<p>La s\u00e9curit\u00e9 de votre vie priv\u00e9e n\u2019est pas une option, mais une obligation face \u00e0 l\u2019\u00e9volution technologique. Opter pour des solutions \u00e9prouv\u00e9es comme Memory Jar est aujourd\u2019hui une d\u00e9marche responsable et n\u00e9cessaire pour assurer la confidentialit\u00e9 de vos pens\u00e9es et souvenirs personnels.<\/p>\n<\/div>\n","protected":false},"excerpt":{"rendered":"<p>Introduction : La mont\u00e9e en puissance des outils de journal intime num\u00e9rique Dans un monde o\u00f9 la vie priv\u00e9e num\u00e9rique devient une pr\u00e9occupation essentielle, la mani\u00e8re dont nous consignons nos pens\u00e9es, souvenirs et r\u00e9flexions \u00e9volue rapidement. La croissance des applications mobiles d\u00e9di\u00e9es \u00e0 l\u2019\u00e9criture personnelle s\u2019inscrit dans cette tendance, transformant la pratique du journal intime [&hellip;]<\/p>\n","protected":false},"author":57,"featured_media":0,"comment_status":"closed","ping_status":"","sticky":false,"template":"","format":"standard","meta":{"footnotes":""},"categories":[],"tags":[],"class_list":["post-152403","post","type-post","status-publish","format-standard","hentry"],"yoast_head":"<!-- This site is optimized with the Yoast SEO plugin v17.7 - https:\/\/yoast.com\/wordpress\/plugins\/seo\/ -->\n<meta name=\"robots\" content=\"index, follow, max-snippet:-1, max-image-preview:large, max-video-preview:-1\" \/>\n<link rel=\"canonical\" href=\"https:\/\/www.gen-ethische-stiftung.de\/?p=152403\" \/>\n<meta property=\"og:locale\" content=\"en_US\" \/>\n<meta property=\"og:type\" content=\"article\" \/>\n<meta property=\"og:title\" content=\"R\u00e9inventer la gestion de la vie priv\u00e9e num\u00e9rique \u00e0 l\u2019\u00e8re mobile -\" \/>\n<meta property=\"og:description\" content=\"Introduction : La mont\u00e9e en puissance des outils de journal intime num\u00e9rique Dans un monde o\u00f9 la vie priv\u00e9e num\u00e9rique devient une pr\u00e9occupation essentielle, la mani\u00e8re dont nous consignons nos pens\u00e9es, souvenirs et r\u00e9flexions \u00e9volue rapidement. La croissance des applications mobiles d\u00e9di\u00e9es \u00e0 l\u2019\u00e9criture personnelle s\u2019inscrit dans cette tendance, transformant la pratique du journal intime [&hellip;]\" \/>\n<meta property=\"og:url\" content=\"https:\/\/www.gen-ethische-stiftung.de\/?p=152403\" \/>\n<meta property=\"article:published_time\" content=\"2025-09-02T09:42:11+00:00\" \/>\n<meta property=\"article:modified_time\" content=\"2026-09-02T07:42:14+00:00\" \/>\n<meta name=\"twitter:card\" content=\"summary\" \/>\n<meta name=\"twitter:label1\" content=\"Written by\" \/>\n\t<meta name=\"twitter:data1\" content=\"wordpress_1d9d73dafc30\" \/>\n\t<meta name=\"twitter:label2\" content=\"Est. reading time\" \/>\n\t<meta name=\"twitter:data2\" content=\"3 minutes\" \/>\n<script type=\"application\/ld+json\" class=\"yoast-schema-graph\">{\"@context\":\"https:\/\/schema.org\",\"@graph\":[{\"@type\":\"WebSite\",\"@id\":\"https:\/\/www.gen-ethische-stiftung.de\/#website\",\"url\":\"https:\/\/www.gen-ethische-stiftung.de\/\",\"name\":\"\",\"description\":\"\",\"potentialAction\":[{\"@type\":\"SearchAction\",\"target\":{\"@type\":\"EntryPoint\",\"urlTemplate\":\"https:\/\/www.gen-ethische-stiftung.de\/?s={search_term_string}\"},\"query-input\":\"required name=search_term_string\"}],\"inLanguage\":\"en-US\"},{\"@type\":\"WebPage\",\"@id\":\"https:\/\/www.gen-ethische-stiftung.de\/?p=152403#webpage\",\"url\":\"https:\/\/www.gen-ethische-stiftung.de\/?p=152403\",\"name\":\"R\\u00e9inventer la gestion de la vie priv\\u00e9e num\\u00e9rique \\u00e0 l\\u2019\\u00e8re mobile -\",\"isPartOf\":{\"@id\":\"https:\/\/www.gen-ethische-stiftung.de\/#website\"},\"datePublished\":\"2025-09-02T09:42:11+00:00\",\"dateModified\":\"2026-09-02T07:42:14+00:00\",\"author\":{\"@id\":\"https:\/\/www.gen-ethische-stiftung.de\/#\/schema\/person\/983704f6819bdb05aea5a26d35c78e39\"},\"breadcrumb\":{\"@id\":\"https:\/\/www.gen-ethische-stiftung.de\/?p=152403#breadcrumb\"},\"inLanguage\":\"en-US\",\"potentialAction\":[{\"@type\":\"ReadAction\",\"target\":[\"https:\/\/www.gen-ethische-stiftung.de\/?p=152403\"]}]},{\"@type\":\"BreadcrumbList\",\"@id\":\"https:\/\/www.gen-ethische-stiftung.de\/?p=152403#breadcrumb\",\"itemListElement\":[{\"@type\":\"ListItem\",\"position\":1,\"name\":\"Home\",\"item\":\"https:\/\/www.gen-ethische-stiftung.de\/\"},{\"@type\":\"ListItem\",\"position\":2,\"name\":\"R\\u00e9inventer la gestion de la vie priv\\u00e9e num\\u00e9rique \\u00e0 l\\u2019\\u00e8re mobile\"}]},{\"@type\":\"Person\",\"@id\":\"https:\/\/www.gen-ethische-stiftung.de\/#\/schema\/person\/983704f6819bdb05aea5a26d35c78e39\",\"name\":\"wordpress_1d9d73dafc30\",\"url\":\"https:\/\/www.gen-ethische-stiftung.de\/?author=57\"}]}<\/script>\n<!-- \/ Yoast SEO plugin. -->","yoast_head_json":{"robots":{"index":"index","follow":"follow","max-snippet":"max-snippet:-1","max-image-preview":"max-image-preview:large","max-video-preview":"max-video-preview:-1"},"canonical":"https:\/\/www.gen-ethische-stiftung.de\/?p=152403","og_locale":"en_US","og_type":"article","og_title":"R\u00e9inventer la gestion de la vie priv\u00e9e num\u00e9rique \u00e0 l\u2019\u00e8re mobile -","og_description":"Introduction : La mont\u00e9e en puissance des outils de journal intime num\u00e9rique Dans un monde o\u00f9 la vie priv\u00e9e num\u00e9rique devient une pr\u00e9occupation essentielle, la mani\u00e8re dont nous consignons nos pens\u00e9es, souvenirs et r\u00e9flexions \u00e9volue rapidement. La croissance des applications mobiles d\u00e9di\u00e9es \u00e0 l\u2019\u00e9criture personnelle s\u2019inscrit dans cette tendance, transformant la pratique du journal intime [&hellip;]","og_url":"https:\/\/www.gen-ethische-stiftung.de\/?p=152403","article_published_time":"2025-09-02T09:42:11+00:00","article_modified_time":"2026-09-02T07:42:14+00:00","twitter_card":"summary","twitter_misc":{"Written by":"wordpress_1d9d73dafc30","Est. reading time":"3 minutes"},"schema":{"@context":"https:\/\/schema.org","@graph":[{"@type":"WebSite","@id":"https:\/\/www.gen-ethische-stiftung.de\/#website","url":"https:\/\/www.gen-ethische-stiftung.de\/","name":"","description":"","potentialAction":[{"@type":"SearchAction","target":{"@type":"EntryPoint","urlTemplate":"https:\/\/www.gen-ethische-stiftung.de\/?s={search_term_string}"},"query-input":"required name=search_term_string"}],"inLanguage":"en-US"},{"@type":"WebPage","@id":"https:\/\/www.gen-ethische-stiftung.de\/?p=152403#webpage","url":"https:\/\/www.gen-ethische-stiftung.de\/?p=152403","name":"R\u00e9inventer la gestion de la vie priv\u00e9e num\u00e9rique \u00e0 l\u2019\u00e8re mobile -","isPartOf":{"@id":"https:\/\/www.gen-ethische-stiftung.de\/#website"},"datePublished":"2025-09-02T09:42:11+00:00","dateModified":"2026-09-02T07:42:14+00:00","author":{"@id":"https:\/\/www.gen-ethische-stiftung.de\/#\/schema\/person\/983704f6819bdb05aea5a26d35c78e39"},"breadcrumb":{"@id":"https:\/\/www.gen-ethische-stiftung.de\/?p=152403#breadcrumb"},"inLanguage":"en-US","potentialAction":[{"@type":"ReadAction","target":["https:\/\/www.gen-ethische-stiftung.de\/?p=152403"]}]},{"@type":"BreadcrumbList","@id":"https:\/\/www.gen-ethische-stiftung.de\/?p=152403#breadcrumb","itemListElement":[{"@type":"ListItem","position":1,"name":"Home","item":"https:\/\/www.gen-ethische-stiftung.de\/"},{"@type":"ListItem","position":2,"name":"R\u00e9inventer la gestion de la vie priv\u00e9e num\u00e9rique \u00e0 l\u2019\u00e8re mobile"}]},{"@type":"Person","@id":"https:\/\/www.gen-ethische-stiftung.de\/#\/schema\/person\/983704f6819bdb05aea5a26d35c78e39","name":"wordpress_1d9d73dafc30","url":"https:\/\/www.gen-ethische-stiftung.de\/?author=57"}]}},"_links":{"self":[{"href":"https:\/\/www.gen-ethische-stiftung.de\/index.php?rest_route=\/wp\/v2\/posts\/152403","targetHints":{"allow":["GET"]}}],"collection":[{"href":"https:\/\/www.gen-ethische-stiftung.de\/index.php?rest_route=\/wp\/v2\/posts"}],"about":[{"href":"https:\/\/www.gen-ethische-stiftung.de\/index.php?rest_route=\/wp\/v2\/types\/post"}],"author":[{"embeddable":true,"href":"https:\/\/www.gen-ethische-stiftung.de\/index.php?rest_route=\/wp\/v2\/users\/57"}],"replies":[{"embeddable":true,"href":"https:\/\/www.gen-ethische-stiftung.de\/index.php?rest_route=%2Fwp%2Fv2%2Fcomments&post=152403"}],"version-history":[{"count":0,"href":"https:\/\/www.gen-ethische-stiftung.de\/index.php?rest_route=\/wp\/v2\/posts\/152403\/revisions"}],"wp:attachment":[{"href":"https:\/\/www.gen-ethische-stiftung.de\/index.php?rest_route=%2Fwp%2Fv2%2Fmedia&parent=152403"}],"wp:term":[{"taxonomy":"category","embeddable":true,"href":"https:\/\/www.gen-ethische-stiftung.de\/index.php?rest_route=%2Fwp%2Fv2%2Fcategories&post=152403"},{"taxonomy":"post_tag","embeddable":true,"href":"https:\/\/www.gen-ethische-stiftung.de\/index.php?rest_route=%2Fwp%2Fv2%2Ftags&post=152403"}],"curies":[{"name":"wp","href":"https:\/\/api.w.org\/{rel}","templated":true}]}}