{"id":152622,"date":"2025-09-02T11:49:29","date_gmt":"2025-09-02T11:49:29","guid":{"rendered":"https:\/\/www.gen-ethische-stiftung.de\/?p=152622"},"modified":"2026-09-02T09:49:32","modified_gmt":"2026-09-02T09:49:32","slug":"thor-jako-ikona-kultury-popularnej-od-mitologii-do-nowoczesnych-mediow","status":"publish","type":"post","link":"https:\/\/www.gen-ethische-stiftung.de\/?p=152622","title":{"rendered":"Thor jako ikona kultury popularnej: od mitologii do nowoczesnych medi\u00f3w"},"content":{"rendered":"<div class=\"section\">\n<p class=\"introduction\">\n    Wsp\u00f3\u0142czesna kultura masowa coraz bardziej czerpie z postaci mitologicznych, przekszta\u0142caj\u0105c je w symbole popkultury, kt\u00f3re rezonuj\u0105 z globaln\u0105 publiczno\u015bci\u0105. Jednym z najbardziej wyrazistych przyk\u0142ad\u00f3w jest posta\u0107 <a href=\"https:\/\/thorkasyno.pl\/p-l2z4\/\"><span style=\"font-weight:bold;\">thor<\/span><\/a>. Od staro\u017cytnych legend nordyckich po ekranowe adaptacje Marvela, posta\u0107 ta stanowi fascynuj\u0105cy przypadek ewolucji mythosu w erze cyfrowej i rozrywkowej.\n  <\/p>\n<\/div>\n<h2>Korzenie mitologiczne i ich dziedzictwo<\/h2>\n<div class=\"section\">\n<p>\n    Thor, b\u00f3g grzmot\u00f3w, burz i si\u0142y w staro\u017cytnej mitologii nordyckiej, od wiek\u00f3w odgrywa\u0142 kluczow\u0105 rol\u0119 w wierzeniach Skandynaw\u00f3w. Jego kult, symbolizuj\u0105cy pot\u0119g\u0119 natury i obron\u0119 przed chaosami, odzwierciedla\u0142 pragnienie spo\u0142eczno\u015bci o ochron\u0119 i bezpiecze\u0144stwo. Archetyp boga si\u0142y i ochrony znalaz\u0142 swoje odzwierciedlenie w licznych tekstach, takich jak Edda, b\u0119d\u0105c fundamentem dla kolejnych interpretacji tego bohatera.\n  <\/p>\n<blockquote><p>\n    &#8220;Mitologia nordycka to nie tylko zbi\u00f3r opowie\u015bci \u2013 to zapis kultu, kt\u00f3ry odzwierciedla\u0142 g\u0142\u0119bokie relacje cz\u0142owieka z si\u0142ami natury.&#8221; \u2014 Dr Anna Lewandowska, specjalistka od mitologii skandynawskiej\n  <\/p><\/blockquote>\n<\/div>\n<h2>Transformacja w kulturze popularnej i rola Marvela<\/h2>\n<div class=\"section\">\n<p>\n    Wsp\u00f3\u0142czesny obraz Thora w fizycznych i mentalnych kszta\u0142tach przeszed\u0142 znacz\u0105c\u0105 transformacj\u0119. W 2011 roku pojawi\u0142 si\u0119 w filmie <em>Thor<\/em> w re\u017cyserii Kennetha Branagha, wyprodukowanego przez Marvel Studios, co rozpocz\u0119\u0142o er\u0119 adaptacji mit\u00f3w nordyckich dla szerokiej publiczno\u015bci. Ta reinterpretacja nie tylko wypromowa\u0142a posta\u0107 w kontek\u015bcie Hollywood, ale te\u017c uczyni\u0142a j\u0105 jednym z najbardziej rozpoznawalnych superbohater\u00f3w na \u015bwiecie.\n  <\/p>\n<p>\n    Obecno\u015b\u0107 Swifta, Hemswortha i innych aktor\u00f3w sprawi\u0142a, \u017ce Thor zyska\u0142 w\u0142asn\u0105 to\u017csamo\u015b\u0107, \u0142\u0105cz\u0105c elementy ludowe z nowoczesnym storytellingiem. Co istotne, filmowe przedstawienia postaci koncentruj\u0105 si\u0119 na jej ludzkich s\u0142abo\u015bciach i moralnych wyborach, co sprawia, \u017ce jest ona bardziej wielowymiarowa i bliska widzom.\n  <\/p>\n<\/div>\n<h2>Analiza rynku i wp\u0142yw na odbiorc\u00f3w<\/h2>\n<div class=\"section\">\n<p>\n    Wed\u0142ug raport\u00f3w bran\u017cowych, filmy z serii o Thorze przyci\u0105gn\u0119\u0142y setki milion\u00f3w widz\u00f3w na ca\u0142ym \u015bwiecie, generuj\u0105c dochody przekraczaj\u0105ce miliard dolar\u00f3w. Ich sukces \u015bwiadczy o sile marki i jej zdolno\u015bci do adaptacji legendy w kontekst komercjalny. Co ciekawe, ro\u015bnie tak\u017ce zainteresowanie konsument\u00f3w tre\u015bciami multimedialnymi zwi\u0105zanymi z tym bohaterem, w tym gad\u017cetami, grami i literatur\u0105.\n  <\/p>\n<p>\n    Eksperci podkre\u015blaj\u0105, \u017ce taka popularno\u015b\u0107 wynika nie tylko z efekt\u00f3w wizualnych czy rozpoznawalno\u015bci marki, ale tak\u017ce z g\u0142\u0119biej zakorzenionego symbolizmu, kt\u00f3ry \u0142\u0105czy nowoczesnych odbiorc\u00f3w z ich ponadczasowymi wierzeniami. Thor jako symbol mocy i przemian pokazuje, jak mitologiczne postacie mog\u0105 ewoluowa\u0107 i odnajdywa\u0107 nowe znaczenia.\n  <\/p>\n<\/div>\n<h2>Wnioski i perspektywy przysz\u0142o\u015bci<\/h2>\n<div class=\"section\">\n<p>\n    Ewolucja postaci Thora od staro\u017cytnych legend do ikony globalnej popkultury ilustruje silne powi\u0105zania mi\u0119dzy mitologi\u0105 a nowoczesnym storytellingiem. Z jednej strony, opowie\u015bci te opieraj\u0105 si\u0119 na archetypach uniwersalnych i g\u0142\u0119boko zakorzenionych motywach, a z drugiej, adaptacje filmowe i medialne nadaj\u0105 im nowy wymiar, zaspokajaj\u0105c oczekiwania wsp\u00f3\u0142czesnej publiczno\u015bci.\n  <\/p>\n<p>\n<strong>Przysz\u0142o\u015b\u0107<\/strong> rozwoju tej postaci wydaje si\u0119 obiecuj\u0105ca, zw\u0142aszcza w kontek\u015bcie kolejnych adaptacji, gier i projekt\u00f3w transmedialnych. Rozw\u00f3j technologii, takich jak rzeczywisto\u015b\u0107 wirtualna czy sztuczna inteligencja, b\u0119dzie stanowi\u0142 jeszcze wi\u0119ksz\u0105 okazj\u0119 do eksploracji mitycznych motyw\u00f3w w nowych formach, a thor pozostanie jednym z najbardziej wyrazistych przyk\u0142ad\u00f3w, jak legendy mog\u0105 funkcjonowa\u0107 w erze cyfrowej.\n  <\/p>\n<\/div>\n<div class=\"section\">\n<h2 style=\"text-align:center; margin-top:3em;\">Podsumowanie<\/h2>\n<p style=\"font-size:1.2em; text-align:center;\">\n    Posta\u0107 thor stanowi fenomen \u0142\u0105cz\u0105cy staro\u017cytne wierzenia z nowoczesn\u0105 kultur\u0105, b\u0119d\u0105cy doskona\u0142ym przyk\u0142adem odporno\u015bci archetyp\u00f3w na zmiany kontekst\u00f3w. Jego ewolucja i szeroki wp\u0142yw na media i odbiorc\u00f3w podkre\u015blaj\u0105 niezmienn\u0105 si\u0142\u0119 mit\u00f3w i roli, jak\u0105 pe\u0142ni on w kszta\u0142towaniu to\u017csamo\u015bci kulturowej naszej wsp\u00f3\u0142czesno\u015bci.\n  <\/p>\n<\/div>\n","protected":false},"excerpt":{"rendered":"<p>Wsp\u00f3\u0142czesna kultura masowa coraz bardziej czerpie z postaci mitologicznych, przekszta\u0142caj\u0105c je w symbole popkultury, kt\u00f3re rezonuj\u0105 z globaln\u0105 publiczno\u015bci\u0105. Jednym z najbardziej wyrazistych przyk\u0142ad\u00f3w jest posta\u0107 thor. Od staro\u017cytnych legend nordyckich po ekranowe adaptacje Marvela, posta\u0107 ta stanowi fascynuj\u0105cy przypadek ewolucji mythosu w erze cyfrowej i rozrywkowej. Korzenie mitologiczne i ich dziedzictwo Thor, b\u00f3g grzmot\u00f3w, [&hellip;]<\/p>\n","protected":false},"author":57,"featured_media":0,"comment_status":"closed","ping_status":"","sticky":false,"template":"","format":"standard","meta":{"footnotes":""},"categories":[],"tags":[],"class_list":["post-152622","post","type-post","status-publish","format-standard","hentry"],"yoast_head":"<!-- This site is optimized with the Yoast SEO plugin v17.7 - https:\/\/yoast.com\/wordpress\/plugins\/seo\/ -->\n<meta name=\"robots\" content=\"index, follow, max-snippet:-1, max-image-preview:large, max-video-preview:-1\" \/>\n<link rel=\"canonical\" href=\"https:\/\/www.gen-ethische-stiftung.de\/?p=152622\" \/>\n<meta property=\"og:locale\" content=\"en_US\" \/>\n<meta property=\"og:type\" content=\"article\" \/>\n<meta property=\"og:title\" content=\"Thor jako ikona kultury popularnej: od mitologii do nowoczesnych medi\u00f3w -\" \/>\n<meta property=\"og:description\" content=\"Wsp\u00f3\u0142czesna kultura masowa coraz bardziej czerpie z postaci mitologicznych, przekszta\u0142caj\u0105c je w symbole popkultury, kt\u00f3re rezonuj\u0105 z globaln\u0105 publiczno\u015bci\u0105. Jednym z najbardziej wyrazistych przyk\u0142ad\u00f3w jest posta\u0107 thor. Od staro\u017cytnych legend nordyckich po ekranowe adaptacje Marvela, posta\u0107 ta stanowi fascynuj\u0105cy przypadek ewolucji mythosu w erze cyfrowej i rozrywkowej. Korzenie mitologiczne i ich dziedzictwo Thor, b\u00f3g grzmot\u00f3w, [&hellip;]\" \/>\n<meta property=\"og:url\" content=\"https:\/\/www.gen-ethische-stiftung.de\/?p=152622\" \/>\n<meta property=\"article:published_time\" content=\"2025-09-02T11:49:29+00:00\" \/>\n<meta property=\"article:modified_time\" content=\"2026-09-02T09:49:32+00:00\" \/>\n<meta name=\"twitter:card\" content=\"summary\" \/>\n<meta name=\"twitter:label1\" content=\"Written by\" \/>\n\t<meta name=\"twitter:data1\" content=\"wordpress_1d9d73dafc30\" \/>\n\t<meta name=\"twitter:label2\" content=\"Est. reading time\" \/>\n\t<meta name=\"twitter:data2\" content=\"3 minutes\" \/>\n<script type=\"application\/ld+json\" class=\"yoast-schema-graph\">{\"@context\":\"https:\/\/schema.org\",\"@graph\":[{\"@type\":\"WebSite\",\"@id\":\"https:\/\/www.gen-ethische-stiftung.de\/#website\",\"url\":\"https:\/\/www.gen-ethische-stiftung.de\/\",\"name\":\"\",\"description\":\"\",\"potentialAction\":[{\"@type\":\"SearchAction\",\"target\":{\"@type\":\"EntryPoint\",\"urlTemplate\":\"https:\/\/www.gen-ethische-stiftung.de\/?s={search_term_string}\"},\"query-input\":\"required name=search_term_string\"}],\"inLanguage\":\"en-US\"},{\"@type\":\"WebPage\",\"@id\":\"https:\/\/www.gen-ethische-stiftung.de\/?p=152622#webpage\",\"url\":\"https:\/\/www.gen-ethische-stiftung.de\/?p=152622\",\"name\":\"Thor jako ikona kultury popularnej: od mitologii do nowoczesnych medi\\u00f3w -\",\"isPartOf\":{\"@id\":\"https:\/\/www.gen-ethische-stiftung.de\/#website\"},\"datePublished\":\"2025-09-02T11:49:29+00:00\",\"dateModified\":\"2026-09-02T09:49:32+00:00\",\"author\":{\"@id\":\"https:\/\/www.gen-ethische-stiftung.de\/#\/schema\/person\/983704f6819bdb05aea5a26d35c78e39\"},\"breadcrumb\":{\"@id\":\"https:\/\/www.gen-ethische-stiftung.de\/?p=152622#breadcrumb\"},\"inLanguage\":\"en-US\",\"potentialAction\":[{\"@type\":\"ReadAction\",\"target\":[\"https:\/\/www.gen-ethische-stiftung.de\/?p=152622\"]}]},{\"@type\":\"BreadcrumbList\",\"@id\":\"https:\/\/www.gen-ethische-stiftung.de\/?p=152622#breadcrumb\",\"itemListElement\":[{\"@type\":\"ListItem\",\"position\":1,\"name\":\"Home\",\"item\":\"https:\/\/www.gen-ethische-stiftung.de\/\"},{\"@type\":\"ListItem\",\"position\":2,\"name\":\"Thor jako ikona kultury popularnej: od mitologii do nowoczesnych medi\\u00f3w\"}]},{\"@type\":\"Person\",\"@id\":\"https:\/\/www.gen-ethische-stiftung.de\/#\/schema\/person\/983704f6819bdb05aea5a26d35c78e39\",\"name\":\"wordpress_1d9d73dafc30\",\"url\":\"https:\/\/www.gen-ethische-stiftung.de\/?author=57\"}]}<\/script>\n<!-- \/ Yoast SEO plugin. -->","yoast_head_json":{"robots":{"index":"index","follow":"follow","max-snippet":"max-snippet:-1","max-image-preview":"max-image-preview:large","max-video-preview":"max-video-preview:-1"},"canonical":"https:\/\/www.gen-ethische-stiftung.de\/?p=152622","og_locale":"en_US","og_type":"article","og_title":"Thor jako ikona kultury popularnej: od mitologii do nowoczesnych medi\u00f3w -","og_description":"Wsp\u00f3\u0142czesna kultura masowa coraz bardziej czerpie z postaci mitologicznych, przekszta\u0142caj\u0105c je w symbole popkultury, kt\u00f3re rezonuj\u0105 z globaln\u0105 publiczno\u015bci\u0105. Jednym z najbardziej wyrazistych przyk\u0142ad\u00f3w jest posta\u0107 thor. Od staro\u017cytnych legend nordyckich po ekranowe adaptacje Marvela, posta\u0107 ta stanowi fascynuj\u0105cy przypadek ewolucji mythosu w erze cyfrowej i rozrywkowej. Korzenie mitologiczne i ich dziedzictwo Thor, b\u00f3g grzmot\u00f3w, [&hellip;]","og_url":"https:\/\/www.gen-ethische-stiftung.de\/?p=152622","article_published_time":"2025-09-02T11:49:29+00:00","article_modified_time":"2026-09-02T09:49:32+00:00","twitter_card":"summary","twitter_misc":{"Written by":"wordpress_1d9d73dafc30","Est. reading time":"3 minutes"},"schema":{"@context":"https:\/\/schema.org","@graph":[{"@type":"WebSite","@id":"https:\/\/www.gen-ethische-stiftung.de\/#website","url":"https:\/\/www.gen-ethische-stiftung.de\/","name":"","description":"","potentialAction":[{"@type":"SearchAction","target":{"@type":"EntryPoint","urlTemplate":"https:\/\/www.gen-ethische-stiftung.de\/?s={search_term_string}"},"query-input":"required name=search_term_string"}],"inLanguage":"en-US"},{"@type":"WebPage","@id":"https:\/\/www.gen-ethische-stiftung.de\/?p=152622#webpage","url":"https:\/\/www.gen-ethische-stiftung.de\/?p=152622","name":"Thor jako ikona kultury popularnej: od mitologii do nowoczesnych medi\u00f3w -","isPartOf":{"@id":"https:\/\/www.gen-ethische-stiftung.de\/#website"},"datePublished":"2025-09-02T11:49:29+00:00","dateModified":"2026-09-02T09:49:32+00:00","author":{"@id":"https:\/\/www.gen-ethische-stiftung.de\/#\/schema\/person\/983704f6819bdb05aea5a26d35c78e39"},"breadcrumb":{"@id":"https:\/\/www.gen-ethische-stiftung.de\/?p=152622#breadcrumb"},"inLanguage":"en-US","potentialAction":[{"@type":"ReadAction","target":["https:\/\/www.gen-ethische-stiftung.de\/?p=152622"]}]},{"@type":"BreadcrumbList","@id":"https:\/\/www.gen-ethische-stiftung.de\/?p=152622#breadcrumb","itemListElement":[{"@type":"ListItem","position":1,"name":"Home","item":"https:\/\/www.gen-ethische-stiftung.de\/"},{"@type":"ListItem","position":2,"name":"Thor jako ikona kultury popularnej: od mitologii do nowoczesnych medi\u00f3w"}]},{"@type":"Person","@id":"https:\/\/www.gen-ethische-stiftung.de\/#\/schema\/person\/983704f6819bdb05aea5a26d35c78e39","name":"wordpress_1d9d73dafc30","url":"https:\/\/www.gen-ethische-stiftung.de\/?author=57"}]}},"_links":{"self":[{"href":"https:\/\/www.gen-ethische-stiftung.de\/index.php?rest_route=\/wp\/v2\/posts\/152622","targetHints":{"allow":["GET"]}}],"collection":[{"href":"https:\/\/www.gen-ethische-stiftung.de\/index.php?rest_route=\/wp\/v2\/posts"}],"about":[{"href":"https:\/\/www.gen-ethische-stiftung.de\/index.php?rest_route=\/wp\/v2\/types\/post"}],"author":[{"embeddable":true,"href":"https:\/\/www.gen-ethische-stiftung.de\/index.php?rest_route=\/wp\/v2\/users\/57"}],"replies":[{"embeddable":true,"href":"https:\/\/www.gen-ethische-stiftung.de\/index.php?rest_route=%2Fwp%2Fv2%2Fcomments&post=152622"}],"version-history":[{"count":0,"href":"https:\/\/www.gen-ethische-stiftung.de\/index.php?rest_route=\/wp\/v2\/posts\/152622\/revisions"}],"wp:attachment":[{"href":"https:\/\/www.gen-ethische-stiftung.de\/index.php?rest_route=%2Fwp%2Fv2%2Fmedia&parent=152622"}],"wp:term":[{"taxonomy":"category","embeddable":true,"href":"https:\/\/www.gen-ethische-stiftung.de\/index.php?rest_route=%2Fwp%2Fv2%2Fcategories&post=152622"},{"taxonomy":"post_tag","embeddable":true,"href":"https:\/\/www.gen-ethische-stiftung.de\/index.php?rest_route=%2Fwp%2Fv2%2Ftags&post=152622"}],"curies":[{"name":"wp","href":"https:\/\/api.w.org\/{rel}","templated":true}]}}