{"id":154309,"date":"2025-09-03T02:47:22","date_gmt":"2025-09-03T02:47:22","guid":{"rendered":"https:\/\/www.gen-ethische-stiftung.de\/?p=154309"},"modified":"2026-09-03T00:47:22","modified_gmt":"2026-09-03T00:47:22","slug":"in-einer-ara-die-gepragt-ist-von-standiger-digitalisierung-sozialen-medien-und-veranderten-gesells","status":"publish","type":"post","link":"https:\/\/www.gen-ethische-stiftung.de\/?p=154309","title":{"rendered":"In einer \u00c4ra, die gepr\u00e4gt ist von st\u00e4ndiger Digitalisierung, sozialen Medien und ver\u00e4nderten Gesells"},"content":{"rendered":"<p><main style=\"padding: 2em;\"><\/p>\n<h2 style=\"font-size: 1.8em; margin-top: 2em;\">Einleitung: Die neue M\u00e4nnlichkeit im Wandel<\/h2>\n<p>In einer \u00c4ra, die gepr\u00e4gt ist von st\u00e4ndiger Digitalisierung, sozialen Medien und ver\u00e4nderten Gesellschaftsnormen, erlebt die Darstellung und Wahrnehmung von M\u00e4nnlichkeit eine grundlegende Transformation. W\u00e4hrend klassische M\u00e4nnlichkeitsbilder wie St\u00e4rke, Unabh\u00e4ngigkeit und emotionale Zur\u00fcckhaltung lange Zeit als Norm galten, er\u00f6ffnen heute Plattformen und Communities neue R\u00e4ume f\u00fcr authentische Selbstinszenierung, Diversit\u00e4t und Pers\u00f6nlichkeitsentwicklung. Eine Plattform, die diese Trends wesentlich widerspiegelt, ist <a href=\"https:\/\/daddy-de.de\/\">daddy-de.de<\/a>.<\/p>\n<h2 style=\"font-size: 1.8em; margin-top: 2em;\">Die Rolle spezialisierter Plattformen in der M\u00e4nnerkultur<\/h2>\n<p>Im Kontext wachsender Konversationsr\u00e4ume im Internet haben sich Nischenplattformen etabliert, die gezielt m\u00e4nnliche Identit\u00e4ten adressieren. daddy-de.de pr\u00e4sentiert sich als eine f\u00fchrende Anlaufstelle f\u00fcr M\u00e4nner, die ihre M\u00e4nnlichkeit neu definieren m\u00f6chten \u2014 sei es durch pers\u00f6nliche Entwicklung, Lifestyle-Themen oder den Austausch mit Gleichgesinnten. Solche Plattformen f\u00fcllen die L\u00fccke zwischen traditionellen Stereotypen und modernen, inklusiven M\u00e4nnlichkeitsbildern, indem sie einen sicheren Raum f\u00fcr Diskussion, Reflexion und Inspiration bieten.<\/p>\n<h2 style=\"font-size: 1.8em; margin-top: 2em;\">Datentrends und Nutzerprofile<\/h2>\n<table>\n<thead>\n<tr>\n<th>Aspekt<\/th>\n<th>Fakten &amp; Daten<\/th>\n<\/tr>\n<\/thead>\n<tbody>\n<tr>\n<td>Nutzerzahlen<\/td>\n<td>Seit 2020 verzeichnete <a href=\"https:\/\/daddy-de.de\">daddy-de.de<\/a> eine Steigerung der monatlichen Besucher um durchschnittlich 35 %, was die wachsende Relevanz der Plattform f\u00fcr deutsche M\u00e4nner unterstreicht.<\/td>\n<\/tr>\n<tr>\n<td>Altersgruppen<\/td>\n<td>Prim\u00e4r zwischen 25 und 45 Jahren, mit einem bedeutenden Anteil an Berufst\u00e4tigen, die aktiv an Selbstverbesserung und Lifestyle-Themen interessiert sind.<\/td>\n<\/tr>\n<tr>\n<td>Community-Interessen<\/td>\n<td>Schwerpunkt auf Pers\u00f6nlichkeitsentwicklung, Fitness, Mode, Vaterschaft und emotionale Intelligenz.<\/td>\n<\/tr>\n<\/tbody>\n<\/table>\n<h2 style=\"font-size: 1.8em; margin-top: 2em;\">Innovative Inhalte und gesellschaftlicher Einfluss<\/h2>\n<p>Plattformen wie daddy-de.de setzen zunehmend auf hochwertige, authentische Inhalte, die den gesellschaftlichen Diskurs \u00fcber M\u00e4nnlichkeit st\u00e4rken. Durch Blogbeitr\u00e4ge, Interviews mit Experten und Community-Events f\u00f6rdern sie eine neue M\u00e4nnlichkeitskultur, die auf Selbstbestimmung, emotionaler Offenheit und Verantwortungsbewusstsein basiert.<\/p>\n<blockquote>\n<p>&#8220;M\u00e4nner suchen heute nach einem ganzheitlichen Verst\u00e4ndnis ihrer Identit\u00e4t \u2013 jenseits stereotypischer Erwartungen und in einem gesellschaftlichen Umfeld, das Vielfalt und Individualit\u00e4t anerkennt.&#8221;<\/p>\n<\/blockquote>\n<h2 style=\"font-size: 1.8em; margin-top: 2em;\">Fallbeispiel: Die Plattform daddy-de.de<\/h2>\n<p>Als exemplarisches Beispiel kann die Sichtbarkeit der Plattform im Bereich M\u00e4nner-Communitys hervorgehoben werden. Sie bietet nicht nur ein Forum zum Austausch, sondern auch kuratierte Inhalte, die aktuelle Trends wie Zero-Waste-Lifestyle, nachhaltige Mode oder Vaterschaft im digitalen Zeitalter beleuchten. Diese Vielfalt spiegelt die sich wandelnden Bed\u00fcrfnisse moderner M\u00e4nner wider, die nach Sinnstiftung und Gemeinschaft suchen.<\/p>\n<h2 style=\"font-size: 1.8em; margin-top: 2em;\">Fazit: Die Zukunft m\u00e4nnlicher Selbstrepr\u00e4sentation im digitalen Raum<\/h2>\n<p>Die digitale Transformation hat das Selbstbild und die Darstellung von M\u00e4nnern grundlegend ver\u00e4ndert. Plattformen wie daddy-de.de spielen eine bedeutende Rolle bei der F\u00f6rderung einer inklusiveren, authentischeren M\u00e4nnlichkeitskultur. Sie sind Schnittstellen f\u00fcr den kulturellen Wandel, der die Erwartungen an M\u00e4nner nachhaltiger und vielschichtiger gestaltet. In einer Gesellschaft, die zunehmend Diversit\u00e4t wertsch\u00e4tzt, wird die F\u00e4higkeit, die eigene Identit\u00e4t bewusster und reflektierter zu pr\u00e4sentieren, zur Schl\u00fcsselkompetenz.<\/p>\n<p><\/main><\/p>\n","protected":false},"excerpt":{"rendered":"<p>Einleitung: Die neue M\u00e4nnlichkeit im Wandel In einer \u00c4ra, die gepr\u00e4gt ist von st\u00e4ndiger Digitalisierung, sozialen Medien und ver\u00e4nderten Gesellschaftsnormen, erlebt die Darstellung und Wahrnehmung von M\u00e4nnlichkeit eine grundlegende Transformation. W\u00e4hrend klassische M\u00e4nnlichkeitsbilder wie St\u00e4rke, Unabh\u00e4ngigkeit und emotionale Zur\u00fcckhaltung lange Zeit als Norm galten, er\u00f6ffnen heute Plattformen und Communities neue R\u00e4ume f\u00fcr authentische Selbstinszenierung, Diversit\u00e4t [&hellip;]<\/p>\n","protected":false},"author":57,"featured_media":0,"comment_status":"closed","ping_status":"","sticky":false,"template":"","format":"standard","meta":{"footnotes":""},"categories":[],"tags":[],"class_list":["post-154309","post","type-post","status-publish","format-standard","hentry"],"yoast_head":"<!-- This site is optimized with the Yoast SEO plugin v17.7 - https:\/\/yoast.com\/wordpress\/plugins\/seo\/ -->\n<meta name=\"robots\" content=\"index, follow, max-snippet:-1, max-image-preview:large, max-video-preview:-1\" \/>\n<link rel=\"canonical\" href=\"https:\/\/www.gen-ethische-stiftung.de\/?p=154309\" \/>\n<meta property=\"og:locale\" content=\"en_US\" \/>\n<meta property=\"og:type\" content=\"article\" \/>\n<meta property=\"og:title\" content=\"In einer \u00c4ra, die gepr\u00e4gt ist von st\u00e4ndiger Digitalisierung, sozialen Medien und ver\u00e4nderten Gesells -\" \/>\n<meta property=\"og:description\" content=\"Einleitung: Die neue M\u00e4nnlichkeit im Wandel In einer \u00c4ra, die gepr\u00e4gt ist von st\u00e4ndiger Digitalisierung, sozialen Medien und ver\u00e4nderten Gesellschaftsnormen, erlebt die Darstellung und Wahrnehmung von M\u00e4nnlichkeit eine grundlegende Transformation. W\u00e4hrend klassische M\u00e4nnlichkeitsbilder wie St\u00e4rke, Unabh\u00e4ngigkeit und emotionale Zur\u00fcckhaltung lange Zeit als Norm galten, er\u00f6ffnen heute Plattformen und Communities neue R\u00e4ume f\u00fcr authentische Selbstinszenierung, Diversit\u00e4t [&hellip;]\" \/>\n<meta property=\"og:url\" content=\"https:\/\/www.gen-ethische-stiftung.de\/?p=154309\" \/>\n<meta property=\"article:published_time\" content=\"2025-09-03T02:47:22+00:00\" \/>\n<meta property=\"article:modified_time\" content=\"2026-09-03T00:47:22+00:00\" \/>\n<meta name=\"twitter:card\" content=\"summary\" \/>\n<meta name=\"twitter:label1\" content=\"Written by\" \/>\n\t<meta name=\"twitter:data1\" content=\"wordpress_1d9d73dafc30\" \/>\n\t<meta name=\"twitter:label2\" content=\"Est. reading time\" \/>\n\t<meta name=\"twitter:data2\" content=\"2 minutes\" \/>\n<script type=\"application\/ld+json\" class=\"yoast-schema-graph\">{\"@context\":\"https:\/\/schema.org\",\"@graph\":[{\"@type\":\"WebSite\",\"@id\":\"https:\/\/www.gen-ethische-stiftung.de\/#website\",\"url\":\"https:\/\/www.gen-ethische-stiftung.de\/\",\"name\":\"\",\"description\":\"\",\"potentialAction\":[{\"@type\":\"SearchAction\",\"target\":{\"@type\":\"EntryPoint\",\"urlTemplate\":\"https:\/\/www.gen-ethische-stiftung.de\/?s={search_term_string}\"},\"query-input\":\"required name=search_term_string\"}],\"inLanguage\":\"en-US\"},{\"@type\":\"WebPage\",\"@id\":\"https:\/\/www.gen-ethische-stiftung.de\/?p=154309#webpage\",\"url\":\"https:\/\/www.gen-ethische-stiftung.de\/?p=154309\",\"name\":\"In einer \\u00c4ra, die gepr\\u00e4gt ist von st\\u00e4ndiger Digitalisierung, sozialen Medien und ver\\u00e4nderten Gesells -\",\"isPartOf\":{\"@id\":\"https:\/\/www.gen-ethische-stiftung.de\/#website\"},\"datePublished\":\"2025-09-03T02:47:22+00:00\",\"dateModified\":\"2026-09-03T00:47:22+00:00\",\"author\":{\"@id\":\"https:\/\/www.gen-ethische-stiftung.de\/#\/schema\/person\/983704f6819bdb05aea5a26d35c78e39\"},\"breadcrumb\":{\"@id\":\"https:\/\/www.gen-ethische-stiftung.de\/?p=154309#breadcrumb\"},\"inLanguage\":\"en-US\",\"potentialAction\":[{\"@type\":\"ReadAction\",\"target\":[\"https:\/\/www.gen-ethische-stiftung.de\/?p=154309\"]}]},{\"@type\":\"BreadcrumbList\",\"@id\":\"https:\/\/www.gen-ethische-stiftung.de\/?p=154309#breadcrumb\",\"itemListElement\":[{\"@type\":\"ListItem\",\"position\":1,\"name\":\"Home\",\"item\":\"https:\/\/www.gen-ethische-stiftung.de\/\"},{\"@type\":\"ListItem\",\"position\":2,\"name\":\"In einer \\u00c4ra, die gepr\\u00e4gt ist von st\\u00e4ndiger Digitalisierung, sozialen Medien und ver\\u00e4nderten Gesells\"}]},{\"@type\":\"Person\",\"@id\":\"https:\/\/www.gen-ethische-stiftung.de\/#\/schema\/person\/983704f6819bdb05aea5a26d35c78e39\",\"name\":\"wordpress_1d9d73dafc30\",\"url\":\"https:\/\/www.gen-ethische-stiftung.de\/?author=57\"}]}<\/script>\n<!-- \/ Yoast SEO plugin. -->","yoast_head_json":{"robots":{"index":"index","follow":"follow","max-snippet":"max-snippet:-1","max-image-preview":"max-image-preview:large","max-video-preview":"max-video-preview:-1"},"canonical":"https:\/\/www.gen-ethische-stiftung.de\/?p=154309","og_locale":"en_US","og_type":"article","og_title":"In einer \u00c4ra, die gepr\u00e4gt ist von st\u00e4ndiger Digitalisierung, sozialen Medien und ver\u00e4nderten Gesells -","og_description":"Einleitung: Die neue M\u00e4nnlichkeit im Wandel In einer \u00c4ra, die gepr\u00e4gt ist von st\u00e4ndiger Digitalisierung, sozialen Medien und ver\u00e4nderten Gesellschaftsnormen, erlebt die Darstellung und Wahrnehmung von M\u00e4nnlichkeit eine grundlegende Transformation. W\u00e4hrend klassische M\u00e4nnlichkeitsbilder wie St\u00e4rke, Unabh\u00e4ngigkeit und emotionale Zur\u00fcckhaltung lange Zeit als Norm galten, er\u00f6ffnen heute Plattformen und Communities neue R\u00e4ume f\u00fcr authentische Selbstinszenierung, Diversit\u00e4t [&hellip;]","og_url":"https:\/\/www.gen-ethische-stiftung.de\/?p=154309","article_published_time":"2025-09-03T02:47:22+00:00","article_modified_time":"2026-09-03T00:47:22+00:00","twitter_card":"summary","twitter_misc":{"Written by":"wordpress_1d9d73dafc30","Est. reading time":"2 minutes"},"schema":{"@context":"https:\/\/schema.org","@graph":[{"@type":"WebSite","@id":"https:\/\/www.gen-ethische-stiftung.de\/#website","url":"https:\/\/www.gen-ethische-stiftung.de\/","name":"","description":"","potentialAction":[{"@type":"SearchAction","target":{"@type":"EntryPoint","urlTemplate":"https:\/\/www.gen-ethische-stiftung.de\/?s={search_term_string}"},"query-input":"required name=search_term_string"}],"inLanguage":"en-US"},{"@type":"WebPage","@id":"https:\/\/www.gen-ethische-stiftung.de\/?p=154309#webpage","url":"https:\/\/www.gen-ethische-stiftung.de\/?p=154309","name":"In einer \u00c4ra, die gepr\u00e4gt ist von st\u00e4ndiger Digitalisierung, sozialen Medien und ver\u00e4nderten Gesells -","isPartOf":{"@id":"https:\/\/www.gen-ethische-stiftung.de\/#website"},"datePublished":"2025-09-03T02:47:22+00:00","dateModified":"2026-09-03T00:47:22+00:00","author":{"@id":"https:\/\/www.gen-ethische-stiftung.de\/#\/schema\/person\/983704f6819bdb05aea5a26d35c78e39"},"breadcrumb":{"@id":"https:\/\/www.gen-ethische-stiftung.de\/?p=154309#breadcrumb"},"inLanguage":"en-US","potentialAction":[{"@type":"ReadAction","target":["https:\/\/www.gen-ethische-stiftung.de\/?p=154309"]}]},{"@type":"BreadcrumbList","@id":"https:\/\/www.gen-ethische-stiftung.de\/?p=154309#breadcrumb","itemListElement":[{"@type":"ListItem","position":1,"name":"Home","item":"https:\/\/www.gen-ethische-stiftung.de\/"},{"@type":"ListItem","position":2,"name":"In einer \u00c4ra, die gepr\u00e4gt ist von st\u00e4ndiger Digitalisierung, sozialen Medien und ver\u00e4nderten Gesells"}]},{"@type":"Person","@id":"https:\/\/www.gen-ethische-stiftung.de\/#\/schema\/person\/983704f6819bdb05aea5a26d35c78e39","name":"wordpress_1d9d73dafc30","url":"https:\/\/www.gen-ethische-stiftung.de\/?author=57"}]}},"_links":{"self":[{"href":"https:\/\/www.gen-ethische-stiftung.de\/index.php?rest_route=\/wp\/v2\/posts\/154309","targetHints":{"allow":["GET"]}}],"collection":[{"href":"https:\/\/www.gen-ethische-stiftung.de\/index.php?rest_route=\/wp\/v2\/posts"}],"about":[{"href":"https:\/\/www.gen-ethische-stiftung.de\/index.php?rest_route=\/wp\/v2\/types\/post"}],"author":[{"embeddable":true,"href":"https:\/\/www.gen-ethische-stiftung.de\/index.php?rest_route=\/wp\/v2\/users\/57"}],"replies":[{"embeddable":true,"href":"https:\/\/www.gen-ethische-stiftung.de\/index.php?rest_route=%2Fwp%2Fv2%2Fcomments&post=154309"}],"version-history":[{"count":0,"href":"https:\/\/www.gen-ethische-stiftung.de\/index.php?rest_route=\/wp\/v2\/posts\/154309\/revisions"}],"wp:attachment":[{"href":"https:\/\/www.gen-ethische-stiftung.de\/index.php?rest_route=%2Fwp%2Fv2%2Fmedia&parent=154309"}],"wp:term":[{"taxonomy":"category","embeddable":true,"href":"https:\/\/www.gen-ethische-stiftung.de\/index.php?rest_route=%2Fwp%2Fv2%2Fcategories&post=154309"},{"taxonomy":"post_tag","embeddable":true,"href":"https:\/\/www.gen-ethische-stiftung.de\/index.php?rest_route=%2Fwp%2Fv2%2Ftags&post=154309"}],"curies":[{"name":"wp","href":"https:\/\/api.w.org\/{rel}","templated":true}]}}