{"id":154531,"date":"2025-09-03T05:09:17","date_gmt":"2025-09-03T05:09:17","guid":{"rendered":"https:\/\/www.gen-ethische-stiftung.de\/?p=154531"},"modified":"2026-09-03T03:09:18","modified_gmt":"2026-09-03T03:09:18","slug":"transformation-digitale-et-mobilite-professionnelle-l-emergence-de-plates-formes-de-donnees-innovantes","status":"publish","type":"post","link":"https:\/\/www.gen-ethische-stiftung.de\/?p=154531","title":{"rendered":"Transformation Digitale et Mobilit\u00e9 Professionnelle : L&#8217;\u00c9mergence de Plates-formes de Donn\u00e9es Innovantes"},"content":{"rendered":"<p>Dans un monde en constante \u00e9volution, la digitalisation des environnements professionnels remod\u00e8le radicalement la fa\u00e7on dont les entreprises et les individus acc\u00e8dent, g\u00e8rent et exploitent l&#8217;information. La mont\u00e9e en puissance des solutions mobiles et des plateformes int\u00e9gr\u00e9es constitue une v\u00e9ritable r\u00e9volution, permettant une mobilit\u00e9 accrue tout en maintenant une gestion rigoureuse et s\u00e9curis\u00e9e des donn\u00e9es. \u00c0 cet \u00e9gard, l&#8217;int\u00e9gration de plateformes comme <a href=\"https:\/\/vulcanbase.app\/fr\/\">obtiens Vulcan Base sur mobile<\/a> s\u2019inscrit comme un levier strat\u00e9gique pour les acteurs cherchant \u00e0 optimiser leur efficience op\u00e9rationnelle dans un contexte de transformation num\u00e9rique acc\u00e9l\u00e9r\u00e9e.<\/p>\n<h2>Les d\u00e9fis de la digitalisation dans un contexte professionnel moderne<\/h2>\n<p>Les entreprises doivent d\u00e9sormais relever plusieurs enjeux majeurs :<\/p>\n<ul>\n<li><strong>S\u00e9curit\u00e9 des donn\u00e9es<\/strong> : face \u00e0 la multiplication des cyberattaques, stocker et partager des donn\u00e9es sensibles n\u00e9cessite des plateformes robustes et \u00e9volutives.<\/li>\n<li><strong>Accessibilit\u00e9 mobile<\/strong> : la capacit\u00e9 d\u2019acc\u00e9der \u00e0 ses donn\u00e9es o\u00f9 et quand on en a besoin devient indispensable, notamment pour les travailleurs en d\u00e9placement ou sur site.<\/li>\n<li><strong>Int\u00e9gration des flux d&#8217;information<\/strong> : rassembler des sources h\u00e9t\u00e9rog\u00e8nes pour une vision coh\u00e9rente requiert des outils sp\u00e9cialis\u00e9s, performants et intuitifs.<\/li>\n<\/ul>\n<p>Ces enjeux \u00e9voquent la n\u00e9cessit\u00e9 de plateformes intelligentes et adaptatives, capables de s&#8217;int\u00e9grer efficacement dans la vie professionnelle quotidienne tout en offrant des garanties de s\u00e9curit\u00e9 et de performance. C\u2019est dans ce contexte que des solutions comme Vulcan Base se distinguent en proposant une application mobile performante pour la gestion d\u00e9centralis\u00e9e et s\u00e9curis\u00e9e des donn\u00e9es.<\/p>\n<h2>Les avantages d\u2019une plateforme de donn\u00e9es mobile-first pour les professionnels<\/h2>\n<table>\n<thead>\n<tr style=\"background-color:#eceff1;\">\n<th>Crit\u00e8res Cl\u00e9s<\/th>\n<th>Impact pour l\u2019Utilisateur<\/th>\n<\/tr>\n<\/thead>\n<tbody>\n<tr>\n<td><strong>Accessibilit\u00e9<\/strong><\/td>\n<td>Permet une consultation, modification et partage instantan\u00e9s des donn\u00e9es, m\u00eame en mobilit\u00e9.<\/td>\n<\/tr>\n<tr>\n<td><strong>Productivit\u00e9<\/strong><\/td>\n<td>R\u00e9duit le temps d\u2019attente et acc\u00e9l\u00e8re la prise de d\u00e9cision gr\u00e2ce \u00e0 une interface intuitive et rapide.<\/td>\n<\/tr>\n<tr>\n<td><strong>S\u00e9curit\u00e9<\/strong><\/td>\n<td>Int\u00e9gration de protocoles cryptographiques avanc\u00e9s pour garantir la confidentialit\u00e9 des informations sensibles.<\/td>\n<\/tr>\n<tr>\n<td><strong>Visibilit\u00e9 en temps r\u00e9el<\/strong><\/td>\n<td>Fournit une mise \u00e0 jour constante des donn\u00e9es pour un pilotage efficace des activit\u00e9s.<\/td>\n<\/tr>\n<\/tbody>\n<\/table>\n<h2>Une exp\u00e9rience utilisateur renforc\u00e9e gr\u00e2ce \u00e0 la mobilit\u00e9<\/h2>\n<p>Les solutions mobiles permettent aux professionnels de toujours rester connect\u00e9s \u00e0 leurs donn\u00e9es essentielles, qu&#8217;ils soient au bureau, en d\u00e9placement ou sur site. La simplicit\u00e9 d\u2019utilisation est cruciale :<\/p>\n<blockquote><p>\n&#8220;Une plateforme mobile bien con\u00e7ue doit offrir une ergonomie qui facilite l\u2019interaction, tout en garantissant une s\u00e9curit\u00e9 optimale. La combinaison de ces \u00e9l\u00e9ments pour des processus fluides est le v\u00e9ritable d\u00e9fi des \u00e9diteurs de logiciels dans le secteur B2B.&#8221; \u2014 Expertise industrielle.\n<\/p><\/blockquote>\n<p>En exploitant une plateforme comme obtiens Vulcan Base sur mobile, les entreprises b\u00e9n\u00e9ficient d\u2019un acc\u00e8s instantan\u00e9 \u00e0 des donn\u00e9es structur\u00e9es, facilitant ainsi la collaboration, la prise de d\u00e9cision \u00e9clair\u00e9e et la r\u00e9activit\u00e9 accrue face aux impr\u00e9vus.<\/p>\n<h2>Cas d\u2019usage : la gestion de projets et la supervision sur le terrain<\/h2>\n<p>Les secteurs du b\u00e2timent, de l\u2019\u00e9nergie, de la logistique ou encore de la maintenance industrielle trouvent une valeur ajout\u00e9e concr\u00e8te dans ces plateformes mobiles :<\/p>\n<ul>\n<li>Suivi en temps r\u00e9el des chantiers ou interventions<\/li>\n<li>Partage instantan\u00e9 de rapports et de photos<\/li>\n<li>Coordination simplifi\u00e9e entre \u00e9quipes distantes<\/li>\n<\/ul>\n<p>Par exemple, un chef de projet peut consulter la progression des travaux, signer des documents ou relancer une \u00e9quipe directement depuis son smartphone, tout en garantissant la fiabilit\u00e9 et la s\u00e9curit\u00e9 des \u00e9changes gr\u00e2ce \u00e0 des solutions adapt\u00e9es comme Vulcan Base.<\/p>\n<h2>Conclusion : Une n\u00e9cessit\u00e9 strat\u00e9gique pour la comp\u00e9titivit\u00e9<\/h2>\n<p>\u00c0 l\u2019heure o\u00f9 la majorit\u00e9 des m\u00e9tiers deviennent de plus en plus d\u00e9pendants de la donn\u00e9e, la capacit\u00e9 \u00e0 ma\u00eetriser cette ressource via des outils mobiles devient une avantage concurrentiel majeur. La tendance est claire : la gestion agile, s\u00e9curis\u00e9e et accessible de l\u2019information est d\u00e9sormais incontournable pour r\u00e9pondre aux exigences du march\u00e9 et aux attentes des clients.<\/p>\n<p>Pour ceux qui souhaitent approfondir cette approche, il est possible d&#8217;obtiens Vulcan Base sur mobile, une solution qui incarne cette r\u00e9volution num\u00e9rique en permettant \u00e0 chaque professionnel de rester connect\u00e9 \u00e0 ses donn\u00e9es o\u00f9 qu\u2019il soit, avec la garantie d\u2019un haut niveau de s\u00e9curit\u00e9.<\/p>\n","protected":false},"excerpt":{"rendered":"<p>Dans un monde en constante \u00e9volution, la digitalisation des environnements professionnels remod\u00e8le radicalement la fa\u00e7on dont les entreprises et les individus acc\u00e8dent, g\u00e8rent et exploitent l&#8217;information. La mont\u00e9e en puissance des solutions mobiles et des plateformes int\u00e9gr\u00e9es constitue une v\u00e9ritable r\u00e9volution, permettant une mobilit\u00e9 accrue tout en maintenant une gestion rigoureuse et s\u00e9curis\u00e9e des donn\u00e9es. [&hellip;]<\/p>\n","protected":false},"author":57,"featured_media":0,"comment_status":"closed","ping_status":"","sticky":false,"template":"","format":"standard","meta":{"footnotes":""},"categories":[],"tags":[],"class_list":["post-154531","post","type-post","status-publish","format-standard","hentry"],"yoast_head":"<!-- This site is optimized with the Yoast SEO plugin v17.7 - https:\/\/yoast.com\/wordpress\/plugins\/seo\/ -->\n<meta name=\"robots\" content=\"index, follow, max-snippet:-1, max-image-preview:large, max-video-preview:-1\" \/>\n<link rel=\"canonical\" href=\"https:\/\/www.gen-ethische-stiftung.de\/?p=154531\" \/>\n<meta property=\"og:locale\" content=\"en_US\" \/>\n<meta property=\"og:type\" content=\"article\" \/>\n<meta property=\"og:title\" content=\"Transformation Digitale et Mobilit\u00e9 Professionnelle : L&#039;\u00c9mergence de Plates-formes de Donn\u00e9es Innovantes -\" \/>\n<meta property=\"og:description\" content=\"Dans un monde en constante \u00e9volution, la digitalisation des environnements professionnels remod\u00e8le radicalement la fa\u00e7on dont les entreprises et les individus acc\u00e8dent, g\u00e8rent et exploitent l&#8217;information. La mont\u00e9e en puissance des solutions mobiles et des plateformes int\u00e9gr\u00e9es constitue une v\u00e9ritable r\u00e9volution, permettant une mobilit\u00e9 accrue tout en maintenant une gestion rigoureuse et s\u00e9curis\u00e9e des donn\u00e9es. [&hellip;]\" \/>\n<meta property=\"og:url\" content=\"https:\/\/www.gen-ethische-stiftung.de\/?p=154531\" \/>\n<meta property=\"article:published_time\" content=\"2025-09-03T05:09:17+00:00\" \/>\n<meta property=\"article:modified_time\" content=\"2026-09-03T03:09:18+00:00\" \/>\n<meta name=\"twitter:card\" content=\"summary\" \/>\n<meta name=\"twitter:label1\" content=\"Written by\" \/>\n\t<meta name=\"twitter:data1\" content=\"wordpress_1d9d73dafc30\" \/>\n\t<meta name=\"twitter:label2\" content=\"Est. reading time\" \/>\n\t<meta name=\"twitter:data2\" content=\"4 minutes\" \/>\n<script type=\"application\/ld+json\" class=\"yoast-schema-graph\">{\"@context\":\"https:\/\/schema.org\",\"@graph\":[{\"@type\":\"WebSite\",\"@id\":\"https:\/\/www.gen-ethische-stiftung.de\/#website\",\"url\":\"https:\/\/www.gen-ethische-stiftung.de\/\",\"name\":\"\",\"description\":\"\",\"potentialAction\":[{\"@type\":\"SearchAction\",\"target\":{\"@type\":\"EntryPoint\",\"urlTemplate\":\"https:\/\/www.gen-ethische-stiftung.de\/?s={search_term_string}\"},\"query-input\":\"required name=search_term_string\"}],\"inLanguage\":\"en-US\"},{\"@type\":\"WebPage\",\"@id\":\"https:\/\/www.gen-ethische-stiftung.de\/?p=154531#webpage\",\"url\":\"https:\/\/www.gen-ethische-stiftung.de\/?p=154531\",\"name\":\"Transformation Digitale et Mobilit\\u00e9 Professionnelle : L'\\u00c9mergence de Plates-formes de Donn\\u00e9es Innovantes -\",\"isPartOf\":{\"@id\":\"https:\/\/www.gen-ethische-stiftung.de\/#website\"},\"datePublished\":\"2025-09-03T05:09:17+00:00\",\"dateModified\":\"2026-09-03T03:09:18+00:00\",\"author\":{\"@id\":\"https:\/\/www.gen-ethische-stiftung.de\/#\/schema\/person\/983704f6819bdb05aea5a26d35c78e39\"},\"breadcrumb\":{\"@id\":\"https:\/\/www.gen-ethische-stiftung.de\/?p=154531#breadcrumb\"},\"inLanguage\":\"en-US\",\"potentialAction\":[{\"@type\":\"ReadAction\",\"target\":[\"https:\/\/www.gen-ethische-stiftung.de\/?p=154531\"]}]},{\"@type\":\"BreadcrumbList\",\"@id\":\"https:\/\/www.gen-ethische-stiftung.de\/?p=154531#breadcrumb\",\"itemListElement\":[{\"@type\":\"ListItem\",\"position\":1,\"name\":\"Home\",\"item\":\"https:\/\/www.gen-ethische-stiftung.de\/\"},{\"@type\":\"ListItem\",\"position\":2,\"name\":\"Transformation Digitale et Mobilit\\u00e9 Professionnelle : L&#8217;\\u00c9mergence de Plates-formes de Donn\\u00e9es Innovantes\"}]},{\"@type\":\"Person\",\"@id\":\"https:\/\/www.gen-ethische-stiftung.de\/#\/schema\/person\/983704f6819bdb05aea5a26d35c78e39\",\"name\":\"wordpress_1d9d73dafc30\",\"url\":\"https:\/\/www.gen-ethische-stiftung.de\/?author=57\"}]}<\/script>\n<!-- \/ Yoast SEO plugin. -->","yoast_head_json":{"robots":{"index":"index","follow":"follow","max-snippet":"max-snippet:-1","max-image-preview":"max-image-preview:large","max-video-preview":"max-video-preview:-1"},"canonical":"https:\/\/www.gen-ethische-stiftung.de\/?p=154531","og_locale":"en_US","og_type":"article","og_title":"Transformation Digitale et Mobilit\u00e9 Professionnelle : L'\u00c9mergence de Plates-formes de Donn\u00e9es Innovantes -","og_description":"Dans un monde en constante \u00e9volution, la digitalisation des environnements professionnels remod\u00e8le radicalement la fa\u00e7on dont les entreprises et les individus acc\u00e8dent, g\u00e8rent et exploitent l&#8217;information. La mont\u00e9e en puissance des solutions mobiles et des plateformes int\u00e9gr\u00e9es constitue une v\u00e9ritable r\u00e9volution, permettant une mobilit\u00e9 accrue tout en maintenant une gestion rigoureuse et s\u00e9curis\u00e9e des donn\u00e9es. [&hellip;]","og_url":"https:\/\/www.gen-ethische-stiftung.de\/?p=154531","article_published_time":"2025-09-03T05:09:17+00:00","article_modified_time":"2026-09-03T03:09:18+00:00","twitter_card":"summary","twitter_misc":{"Written by":"wordpress_1d9d73dafc30","Est. reading time":"4 minutes"},"schema":{"@context":"https:\/\/schema.org","@graph":[{"@type":"WebSite","@id":"https:\/\/www.gen-ethische-stiftung.de\/#website","url":"https:\/\/www.gen-ethische-stiftung.de\/","name":"","description":"","potentialAction":[{"@type":"SearchAction","target":{"@type":"EntryPoint","urlTemplate":"https:\/\/www.gen-ethische-stiftung.de\/?s={search_term_string}"},"query-input":"required name=search_term_string"}],"inLanguage":"en-US"},{"@type":"WebPage","@id":"https:\/\/www.gen-ethische-stiftung.de\/?p=154531#webpage","url":"https:\/\/www.gen-ethische-stiftung.de\/?p=154531","name":"Transformation Digitale et Mobilit\u00e9 Professionnelle : L'\u00c9mergence de Plates-formes de Donn\u00e9es Innovantes -","isPartOf":{"@id":"https:\/\/www.gen-ethische-stiftung.de\/#website"},"datePublished":"2025-09-03T05:09:17+00:00","dateModified":"2026-09-03T03:09:18+00:00","author":{"@id":"https:\/\/www.gen-ethische-stiftung.de\/#\/schema\/person\/983704f6819bdb05aea5a26d35c78e39"},"breadcrumb":{"@id":"https:\/\/www.gen-ethische-stiftung.de\/?p=154531#breadcrumb"},"inLanguage":"en-US","potentialAction":[{"@type":"ReadAction","target":["https:\/\/www.gen-ethische-stiftung.de\/?p=154531"]}]},{"@type":"BreadcrumbList","@id":"https:\/\/www.gen-ethische-stiftung.de\/?p=154531#breadcrumb","itemListElement":[{"@type":"ListItem","position":1,"name":"Home","item":"https:\/\/www.gen-ethische-stiftung.de\/"},{"@type":"ListItem","position":2,"name":"Transformation Digitale et Mobilit\u00e9 Professionnelle : L&#8217;\u00c9mergence de Plates-formes de Donn\u00e9es Innovantes"}]},{"@type":"Person","@id":"https:\/\/www.gen-ethische-stiftung.de\/#\/schema\/person\/983704f6819bdb05aea5a26d35c78e39","name":"wordpress_1d9d73dafc30","url":"https:\/\/www.gen-ethische-stiftung.de\/?author=57"}]}},"_links":{"self":[{"href":"https:\/\/www.gen-ethische-stiftung.de\/index.php?rest_route=\/wp\/v2\/posts\/154531","targetHints":{"allow":["GET"]}}],"collection":[{"href":"https:\/\/www.gen-ethische-stiftung.de\/index.php?rest_route=\/wp\/v2\/posts"}],"about":[{"href":"https:\/\/www.gen-ethische-stiftung.de\/index.php?rest_route=\/wp\/v2\/types\/post"}],"author":[{"embeddable":true,"href":"https:\/\/www.gen-ethische-stiftung.de\/index.php?rest_route=\/wp\/v2\/users\/57"}],"replies":[{"embeddable":true,"href":"https:\/\/www.gen-ethische-stiftung.de\/index.php?rest_route=%2Fwp%2Fv2%2Fcomments&post=154531"}],"version-history":[{"count":0,"href":"https:\/\/www.gen-ethische-stiftung.de\/index.php?rest_route=\/wp\/v2\/posts\/154531\/revisions"}],"wp:attachment":[{"href":"https:\/\/www.gen-ethische-stiftung.de\/index.php?rest_route=%2Fwp%2Fv2%2Fmedia&parent=154531"}],"wp:term":[{"taxonomy":"category","embeddable":true,"href":"https:\/\/www.gen-ethische-stiftung.de\/index.php?rest_route=%2Fwp%2Fv2%2Fcategories&post=154531"},{"taxonomy":"post_tag","embeddable":true,"href":"https:\/\/www.gen-ethische-stiftung.de\/index.php?rest_route=%2Fwp%2Fv2%2Ftags&post=154531"}],"curies":[{"name":"wp","href":"https:\/\/api.w.org\/{rel}","templated":true}]}}