{"id":154629,"date":"2025-09-03T07:11:33","date_gmt":"2025-09-03T07:11:33","guid":{"rendered":"https:\/\/www.gen-ethische-stiftung.de\/?p=154629"},"modified":"2026-09-03T05:11:33","modified_gmt":"2026-09-03T05:11:33","slug":"analisi-approfondita-delle-feste-e-tradizioni-culturali-italiane","status":"publish","type":"post","link":"https:\/\/www.gen-ethische-stiftung.de\/?p=154629","title":{"rendered":"Analisi Approfondita delle Feste e Tradizioni Culturali Italiane"},"content":{"rendered":"<p>\nL&#8217;Italia vanta una ricca eredit\u00e0 di festivit\u00e0 e tradizioni che riflettono sia le radici storiche sia le influenze culturali delle diverse regioni. Queste celebrazioni, spesso radicate in antichi rituali religiosi o civili, rappresentano non solo momenti di aggregazione, ma anche occasioni per preservare e trasmettere valori identitari attraverso le generazioni. La comprensione di queste tradizioni richiede uno studio approfondito delle loro origini, delle pratiche associate e del contesto sociale in cui si sono sviluppate.\n<\/p>\n<p>\nNel contesto delle festivit\u00e0 religiose, la maggior parte delle regioni italiane celebra eventi legati a santi patroni, feste liturgiche e processioni. Ad esempio, la festa di San Giovanni a Firenze coinvolge spettacolari processioni e fuochi d&#8217;artificio, mentre in Sicilia, la Festa di Santa Rosalia rappresenta un momento di profonda devozione popolare. Tuttavia, molte di queste celebrazioni sono arricchite da usanze locali uniche, come i saperi gastronomici, le danze tradizionali e le decorazioni specifiche che si tramandano nel tempo.\n<\/p>\n<h2>Le Feste Tradizionali nelle Diverse Regioni Italiane<\/h2>\n<ul>\n<li><strong>Sicilia:<\/strong> La Festa di Sant&#8217;Agata a Catania \u00e8 una delle pi\u00f9 significative, con processioni che durano pi\u00f9 giorni e un forte senso di comunit\u00e0.<\/li>\n<li><strong>Veneto:<\/strong> La Festa del Redentore a Venezia, celebre per i fuochi d&#8217;artificio sul Canal Grande, rappresenta un momento di ringraziamento e unit\u00e0.<\/li>\n<li><strong>Piemonte:<\/strong> La Fiera del Tuber Magnatum ad Alba non \u00e8 solo un evento gastronomico, ma anche una celebrazione dell&#8217;agricoltura e delle tradizioni locali.<\/li>\n<\/ul>\n<h2>Il Ruolo delle Tradizioni Artigianali e Popolari<\/h2>\n<p>\nOltre alle celebrazioni pubbliche, le tradizioni artigianali giocano un ruolo fondamentale nel mantenere vive queste feste. Artigiani e comunit\u00e0 locali dedicano tempo e competenze alla creazione di maschere, costumi, oggetti decorativi e cibi tipici, contribuendo cos\u00ec alla continuit\u00e0 culturale. Questi elementi manuali e simbolici sono spesso al centro delle processioni e degli eventi rituali, offrendo un legame tangibile con il passato.\n<\/p>\n<blockquote><p>\nLe celebrazioni tradizionali non sono solo un richiamo al passato, ma anche un modo di rafforzare il senso di appartenenza e identit\u00e0 all\u2019interno delle comunit\u00e0 italiane.<\/p><\/blockquote>\n<h2>Diffusione e Organizzazione delle Feste<\/h2>\n<table>\n<thead>\n<tr>\n<th>Festa<\/th>\n<th>Regione<\/th>\n<th>Caratteristiche principali<\/th>\n<\/tr>\n<\/thead>\n<tbody>\n<tr>\n<td>Carnevale di Venezia<\/td>\n<td>Veneto<\/td>\n<td>Maschere elaborate, sfilate, balli in costume<\/td>\n<\/tr>\n<tr>\n<td>Infiorata di Genzano<\/td>\n<td>Lazio<\/td>\n<td>Decorazioni di strade con petali di fiori<\/td>\n<\/tr>\n<tr>\n<td>Palio di Siena<\/td>\n<td>Toscana<\/td>\n<td>Competizione di velocit\u00e0 tra i rioni storici<\/td>\n<\/tr>\n<\/tbody>\n<\/table>\n<p>\nLa logistica e l\u2019organizzazione di queste feste spesso coinvolgono associazioni locali, enti pubblici e volontari, tutti impegnati nel mantenere vivo il patrimonio culturale. Le tradizioni vengono preservate attraverso rituali, eventi pubblici e iniziative educative rivolte alle nuove generazioni.\n<\/p>\n<h2>Il Valore delle Celebrazioni nella Societ\u00e0 Contemporanea<\/h2>\n<p>\nNonostante la modernizzazione e le sfide globalizzanti, le feste italiane rimangono elementi fondamentali di coesione sociale. Esse offrono momenti di riflessione sulle proprie radici e stimolano il senso di appartenenza. La partecipazione comunitaria rafforza non solo l\u2019identit\u00e0 locale, ma anche il senso di continuit\u00e0 nel tempo, garantendo che queste tradizioni sopravvivano alle nuove generazioni.\n<\/p>\n<p>\nPer approfondire le molteplici iniziative che coinvolgono le tradizioni italiane, puoi <a href=\"https:\/\/festeebraiche.it\/\">visita il sito ufficiale di Dragonia Casino<\/a>, una piattaforma dedicata ad eventi culturali e festivit\u00e0 di vario tipo, che spesso include anche le celebrazioni religiose e folkloristiche delle diverse regioni italiane.<\/p>\n","protected":false},"excerpt":{"rendered":"<p>L&#8217;Italia vanta una ricca eredit\u00e0 di festivit\u00e0 e tradizioni che riflettono sia le radici storiche sia le influenze culturali delle diverse regioni. Queste celebrazioni, spesso radicate in antichi rituali religiosi o civili, rappresentano non solo momenti di aggregazione, ma anche occasioni per preservare e trasmettere valori identitari attraverso le generazioni. La comprensione di queste tradizioni [&hellip;]<\/p>\n","protected":false},"author":57,"featured_media":0,"comment_status":"closed","ping_status":"","sticky":false,"template":"","format":"standard","meta":{"footnotes":""},"categories":[],"tags":[],"class_list":["post-154629","post","type-post","status-publish","format-standard","hentry"],"yoast_head":"<!-- This site is optimized with the Yoast SEO plugin v17.7 - https:\/\/yoast.com\/wordpress\/plugins\/seo\/ -->\n<meta name=\"robots\" content=\"index, follow, max-snippet:-1, max-image-preview:large, max-video-preview:-1\" \/>\n<link rel=\"canonical\" href=\"https:\/\/www.gen-ethische-stiftung.de\/?p=154629\" \/>\n<meta property=\"og:locale\" content=\"en_US\" \/>\n<meta property=\"og:type\" content=\"article\" \/>\n<meta property=\"og:title\" content=\"Analisi Approfondita delle Feste e Tradizioni Culturali Italiane -\" \/>\n<meta property=\"og:description\" content=\"L&#8217;Italia vanta una ricca eredit\u00e0 di festivit\u00e0 e tradizioni che riflettono sia le radici storiche sia le influenze culturali delle diverse regioni. Queste celebrazioni, spesso radicate in antichi rituali religiosi o civili, rappresentano non solo momenti di aggregazione, ma anche occasioni per preservare e trasmettere valori identitari attraverso le generazioni. La comprensione di queste tradizioni [&hellip;]\" \/>\n<meta property=\"og:url\" content=\"https:\/\/www.gen-ethische-stiftung.de\/?p=154629\" \/>\n<meta property=\"article:published_time\" content=\"2025-09-03T07:11:33+00:00\" \/>\n<meta property=\"article:modified_time\" content=\"2026-09-03T05:11:33+00:00\" \/>\n<meta name=\"twitter:card\" content=\"summary\" \/>\n<meta name=\"twitter:label1\" content=\"Written by\" \/>\n\t<meta name=\"twitter:data1\" content=\"wordpress_1d9d73dafc30\" \/>\n\t<meta name=\"twitter:label2\" content=\"Est. reading time\" \/>\n\t<meta name=\"twitter:data2\" content=\"3 minutes\" \/>\n<script type=\"application\/ld+json\" class=\"yoast-schema-graph\">{\"@context\":\"https:\/\/schema.org\",\"@graph\":[{\"@type\":\"WebSite\",\"@id\":\"https:\/\/www.gen-ethische-stiftung.de\/#website\",\"url\":\"https:\/\/www.gen-ethische-stiftung.de\/\",\"name\":\"\",\"description\":\"\",\"potentialAction\":[{\"@type\":\"SearchAction\",\"target\":{\"@type\":\"EntryPoint\",\"urlTemplate\":\"https:\/\/www.gen-ethische-stiftung.de\/?s={search_term_string}\"},\"query-input\":\"required name=search_term_string\"}],\"inLanguage\":\"en-US\"},{\"@type\":\"WebPage\",\"@id\":\"https:\/\/www.gen-ethische-stiftung.de\/?p=154629#webpage\",\"url\":\"https:\/\/www.gen-ethische-stiftung.de\/?p=154629\",\"name\":\"Analisi Approfondita delle Feste e Tradizioni Culturali Italiane -\",\"isPartOf\":{\"@id\":\"https:\/\/www.gen-ethische-stiftung.de\/#website\"},\"datePublished\":\"2025-09-03T07:11:33+00:00\",\"dateModified\":\"2026-09-03T05:11:33+00:00\",\"author\":{\"@id\":\"https:\/\/www.gen-ethische-stiftung.de\/#\/schema\/person\/983704f6819bdb05aea5a26d35c78e39\"},\"breadcrumb\":{\"@id\":\"https:\/\/www.gen-ethische-stiftung.de\/?p=154629#breadcrumb\"},\"inLanguage\":\"en-US\",\"potentialAction\":[{\"@type\":\"ReadAction\",\"target\":[\"https:\/\/www.gen-ethische-stiftung.de\/?p=154629\"]}]},{\"@type\":\"BreadcrumbList\",\"@id\":\"https:\/\/www.gen-ethische-stiftung.de\/?p=154629#breadcrumb\",\"itemListElement\":[{\"@type\":\"ListItem\",\"position\":1,\"name\":\"Home\",\"item\":\"https:\/\/www.gen-ethische-stiftung.de\/\"},{\"@type\":\"ListItem\",\"position\":2,\"name\":\"Analisi Approfondita delle Feste e Tradizioni Culturali Italiane\"}]},{\"@type\":\"Person\",\"@id\":\"https:\/\/www.gen-ethische-stiftung.de\/#\/schema\/person\/983704f6819bdb05aea5a26d35c78e39\",\"name\":\"wordpress_1d9d73dafc30\",\"url\":\"https:\/\/www.gen-ethische-stiftung.de\/?author=57\"}]}<\/script>\n<!-- \/ Yoast SEO plugin. -->","yoast_head_json":{"robots":{"index":"index","follow":"follow","max-snippet":"max-snippet:-1","max-image-preview":"max-image-preview:large","max-video-preview":"max-video-preview:-1"},"canonical":"https:\/\/www.gen-ethische-stiftung.de\/?p=154629","og_locale":"en_US","og_type":"article","og_title":"Analisi Approfondita delle Feste e Tradizioni Culturali Italiane -","og_description":"L&#8217;Italia vanta una ricca eredit\u00e0 di festivit\u00e0 e tradizioni che riflettono sia le radici storiche sia le influenze culturali delle diverse regioni. Queste celebrazioni, spesso radicate in antichi rituali religiosi o civili, rappresentano non solo momenti di aggregazione, ma anche occasioni per preservare e trasmettere valori identitari attraverso le generazioni. La comprensione di queste tradizioni [&hellip;]","og_url":"https:\/\/www.gen-ethische-stiftung.de\/?p=154629","article_published_time":"2025-09-03T07:11:33+00:00","article_modified_time":"2026-09-03T05:11:33+00:00","twitter_card":"summary","twitter_misc":{"Written by":"wordpress_1d9d73dafc30","Est. reading time":"3 minutes"},"schema":{"@context":"https:\/\/schema.org","@graph":[{"@type":"WebSite","@id":"https:\/\/www.gen-ethische-stiftung.de\/#website","url":"https:\/\/www.gen-ethische-stiftung.de\/","name":"","description":"","potentialAction":[{"@type":"SearchAction","target":{"@type":"EntryPoint","urlTemplate":"https:\/\/www.gen-ethische-stiftung.de\/?s={search_term_string}"},"query-input":"required name=search_term_string"}],"inLanguage":"en-US"},{"@type":"WebPage","@id":"https:\/\/www.gen-ethische-stiftung.de\/?p=154629#webpage","url":"https:\/\/www.gen-ethische-stiftung.de\/?p=154629","name":"Analisi Approfondita delle Feste e Tradizioni Culturali Italiane -","isPartOf":{"@id":"https:\/\/www.gen-ethische-stiftung.de\/#website"},"datePublished":"2025-09-03T07:11:33+00:00","dateModified":"2026-09-03T05:11:33+00:00","author":{"@id":"https:\/\/www.gen-ethische-stiftung.de\/#\/schema\/person\/983704f6819bdb05aea5a26d35c78e39"},"breadcrumb":{"@id":"https:\/\/www.gen-ethische-stiftung.de\/?p=154629#breadcrumb"},"inLanguage":"en-US","potentialAction":[{"@type":"ReadAction","target":["https:\/\/www.gen-ethische-stiftung.de\/?p=154629"]}]},{"@type":"BreadcrumbList","@id":"https:\/\/www.gen-ethische-stiftung.de\/?p=154629#breadcrumb","itemListElement":[{"@type":"ListItem","position":1,"name":"Home","item":"https:\/\/www.gen-ethische-stiftung.de\/"},{"@type":"ListItem","position":2,"name":"Analisi Approfondita delle Feste e Tradizioni Culturali Italiane"}]},{"@type":"Person","@id":"https:\/\/www.gen-ethische-stiftung.de\/#\/schema\/person\/983704f6819bdb05aea5a26d35c78e39","name":"wordpress_1d9d73dafc30","url":"https:\/\/www.gen-ethische-stiftung.de\/?author=57"}]}},"_links":{"self":[{"href":"https:\/\/www.gen-ethische-stiftung.de\/index.php?rest_route=\/wp\/v2\/posts\/154629","targetHints":{"allow":["GET"]}}],"collection":[{"href":"https:\/\/www.gen-ethische-stiftung.de\/index.php?rest_route=\/wp\/v2\/posts"}],"about":[{"href":"https:\/\/www.gen-ethische-stiftung.de\/index.php?rest_route=\/wp\/v2\/types\/post"}],"author":[{"embeddable":true,"href":"https:\/\/www.gen-ethische-stiftung.de\/index.php?rest_route=\/wp\/v2\/users\/57"}],"replies":[{"embeddable":true,"href":"https:\/\/www.gen-ethische-stiftung.de\/index.php?rest_route=%2Fwp%2Fv2%2Fcomments&post=154629"}],"version-history":[{"count":0,"href":"https:\/\/www.gen-ethische-stiftung.de\/index.php?rest_route=\/wp\/v2\/posts\/154629\/revisions"}],"wp:attachment":[{"href":"https:\/\/www.gen-ethische-stiftung.de\/index.php?rest_route=%2Fwp%2Fv2%2Fmedia&parent=154629"}],"wp:term":[{"taxonomy":"category","embeddable":true,"href":"https:\/\/www.gen-ethische-stiftung.de\/index.php?rest_route=%2Fwp%2Fv2%2Fcategories&post=154629"},{"taxonomy":"post_tag","embeddable":true,"href":"https:\/\/www.gen-ethische-stiftung.de\/index.php?rest_route=%2Fwp%2Fv2%2Ftags&post=154629"}],"curies":[{"name":"wp","href":"https:\/\/api.w.org\/{rel}","templated":true}]}}