{"id":155214,"date":"2025-09-03T15:14:33","date_gmt":"2025-09-03T15:14:33","guid":{"rendered":"https:\/\/www.gen-ethische-stiftung.de\/?p=155214"},"modified":"2026-09-03T13:14:35","modified_gmt":"2026-09-03T13:14:35","slug":"die-textilbranche-steht-zunehmend-im-fokus-der-offentlichkeit-und-industrie-fur-ihre-umweltauswirkun","status":"publish","type":"post","link":"https:\/\/www.gen-ethische-stiftung.de\/?p=155214","title":{"rendered":"Die Textilbranche steht zunehmend im Fokus der \u00d6ffentlichkeit und Industrie f\u00fcr ihre Umweltauswirkun"},"content":{"rendered":"<p><main><\/p>\n<section>\n<h2>Einleitung<\/h2>\n<p>\n      Die Textilbranche steht zunehmend im Fokus der \u00d6ffentlichkeit und Industrie f\u00fcr ihre Umweltauswirkungen und Nachhaltigkeitsinitiativen. Besonders im Bereich der <strong>Textilveredelung<\/strong> \u2014 einem essenziellen Schritt zur Verbesserung der Funktionalit\u00e4t, Optik und Haltbarkeit von Textilien \u2014 sind Innovationen gefragt, um \u00f6kologische Standards zu erf\u00fcllen und gleichzeitig wirtschaftlich wettbewerbsf\u00e4hig zu bleiben.\n    <\/p>\n<\/section>\n<section>\n<h2>Herausforderungen in der Textilveredelung<\/h2>\n<p>\n      Traditionelle Verfahren der Textilveredelung, wie das F\u00e4rben, Bedrucken und Beschichten, sind oftmals energieintensiv und verwenden umweltsch\u00e4dliche Chemikalien. Laut einer Studie des Internationalen Verbands f\u00fcr Textil- und Bekleidungsindustrie (ITFA) verursachen diese Prozesse bis zu 30 % des Wasserverbrauchs in der gesamten Textilproduktion. Zudem f\u00fchren chemische R\u00fcckst\u00e4nde und Abw\u00e4sser zu erheblichen Umweltbelastungen.\n    <\/p>\n<p>\n      Die Branche steht daher vor der Herausforderung, nachhaltigere Alternativen zu entwickeln und zu implementieren, um \u00f6kologische Standards zu erf\u00fcllen und gleichzeitig qualitativ hochwertige Produkte sicherzustellen.\n    <\/p>\n<\/section>\n<section>\n<h2>Innovative Technologien in der nachhaltigen Textilveredelung<\/h2>\n<p>\n      In den letzten Jahren haben sich verschiedene technologische Ans\u00e4tze etabliert, die die Umweltbelastung deutlich verringern k\u00f6nnen. Dazu z\u00e4hlen unter anderem:\n    <\/p>\n<ul>\n<li><strong>Digitale Druckverfahren:<\/strong> Reduzieren den Wasser- und Chemikalienverbrauch erheblich durch pr\u00e4zisen Einsatz von Tinten direkt auf Textilien.<\/li>\n<li><strong>Beschichtungen auf Wasserbasis:<\/strong> Ersetzen l\u00f6sungsmittelbasierte Chemikalien und sorgen f\u00fcr eine umweltfreundliche Oberfl\u00e4chenveredelung.<\/li>\n<li><strong>Enzymatische Textilbehandlung:<\/strong> Nutzt Enzyme, um Umweltrisiken zu minimieren und energiesparende Prozesse zu erm\u00f6glichen.<\/li>\n<\/ul>\n<p>\n      Eine vertiefte Betrachtung dieser Technologien und erg\u00e4nzende Fallstudien finden sich bei <a href=\"https:\/\/spinstella.de\/\">http:\/\/www.spinstella.de<\/a>, die als f\u00fchrender Anbieter in der Beratung und Umsetzung nachhaltiger Textilveredelungsl\u00f6sungen gilt.\n    <\/p>\n<\/section>\n<section>\n<h2>Best Practices f\u00fcr nachhaltige Textilveredelung<\/h2>\n<p>\n      Unternehmen, die in diesem Bereich Vorreiter sein m\u00f6chten, sollten folgende Grunds\u00e4tze beachten:\n    <\/p>\n<ol>\n<li><strong>Evaluierung der Lieferkette:<\/strong> Sicherstellen, dass Rohstoffe und Chemikalien umweltvertr\u00e4glich sind.<\/li>\n<li><strong>Implementierung wasser- und energiesparender Verfahren:<\/strong> Automatisierte Produktionslinien k\u00f6nnen den Ressourcenverbrauch reduzieren.<\/li>\n<li><strong>F\u00f6rderung von Forschung und Entwicklung:<\/strong> Investitionen in innovative Verfahren treiben die Branche voran.<\/li>\n<\/ol>\n<p>\n      F\u00fcr detaillierte Beratung und innovative L\u00f6sungen empfiehlt sich die Webseite http:\/\/www.spinstella.de, die ganzheitliche Strategien f\u00fcr nachhaltige Textilveredelung anbietet.\n    <\/p>\n<\/section>\n<section>\n<h2>Fazit<\/h2>\n<p>\n      Der Wandel hin zu nachhaltigen Textilveredelungsverfahren ist nicht nur eine Notwendigkeit angesichts globaler Umweltziele, sondern bietet auch eine erhebliche Chance f\u00fcr Unternehmen, sich durch Innovationen und umweltbewusste Strategien Wettbewerbsvorteile zu sichern. Branchenf\u00fchrer, die auf technische Expertise und innovative Partnerschaften setzen, sind bestens positioniert, um diesen Wandel aktiv mitzugestalten.\n    <\/p>\n<p>\n      Dabei ist die richtige Orientierung und Beratung, etwa durch Experten wie http:\/\/www.spinstella.de, essenziell \u2013 sie bieten spezialisierte Einblicke in nachhaltige Technologien und nachhaltige Transformationen der Textilveredelung.\n    <\/p>\n<\/section>\n<p><\/main><\/p>\n","protected":false},"excerpt":{"rendered":"<p>Einleitung Die Textilbranche steht zunehmend im Fokus der \u00d6ffentlichkeit und Industrie f\u00fcr ihre Umweltauswirkungen und Nachhaltigkeitsinitiativen. Besonders im Bereich der Textilveredelung \u2014 einem essenziellen Schritt zur Verbesserung der Funktionalit\u00e4t, Optik und Haltbarkeit von Textilien \u2014 sind Innovationen gefragt, um \u00f6kologische Standards zu erf\u00fcllen und gleichzeitig wirtschaftlich wettbewerbsf\u00e4hig zu bleiben. Herausforderungen in der Textilveredelung Traditionelle Verfahren [&hellip;]<\/p>\n","protected":false},"author":57,"featured_media":0,"comment_status":"closed","ping_status":"","sticky":false,"template":"","format":"standard","meta":{"footnotes":""},"categories":[],"tags":[],"class_list":["post-155214","post","type-post","status-publish","format-standard","hentry"],"yoast_head":"<!-- This site is optimized with the Yoast SEO plugin v17.7 - https:\/\/yoast.com\/wordpress\/plugins\/seo\/ -->\n<meta name=\"robots\" content=\"index, follow, max-snippet:-1, max-image-preview:large, max-video-preview:-1\" \/>\n<link rel=\"canonical\" href=\"https:\/\/www.gen-ethische-stiftung.de\/?p=155214\" \/>\n<meta property=\"og:locale\" content=\"en_US\" \/>\n<meta property=\"og:type\" content=\"article\" \/>\n<meta property=\"og:title\" content=\"Die Textilbranche steht zunehmend im Fokus der \u00d6ffentlichkeit und Industrie f\u00fcr ihre Umweltauswirkun -\" \/>\n<meta property=\"og:description\" content=\"Einleitung Die Textilbranche steht zunehmend im Fokus der \u00d6ffentlichkeit und Industrie f\u00fcr ihre Umweltauswirkungen und Nachhaltigkeitsinitiativen. Besonders im Bereich der Textilveredelung \u2014 einem essenziellen Schritt zur Verbesserung der Funktionalit\u00e4t, Optik und Haltbarkeit von Textilien \u2014 sind Innovationen gefragt, um \u00f6kologische Standards zu erf\u00fcllen und gleichzeitig wirtschaftlich wettbewerbsf\u00e4hig zu bleiben. Herausforderungen in der Textilveredelung Traditionelle Verfahren [&hellip;]\" \/>\n<meta property=\"og:url\" content=\"https:\/\/www.gen-ethische-stiftung.de\/?p=155214\" \/>\n<meta property=\"article:published_time\" content=\"2025-09-03T15:14:33+00:00\" \/>\n<meta property=\"article:modified_time\" content=\"2026-09-03T13:14:35+00:00\" \/>\n<meta name=\"twitter:card\" content=\"summary\" \/>\n<meta name=\"twitter:label1\" content=\"Written by\" \/>\n\t<meta name=\"twitter:data1\" content=\"wordpress_1d9d73dafc30\" \/>\n\t<meta name=\"twitter:label2\" content=\"Est. reading time\" \/>\n\t<meta name=\"twitter:data2\" content=\"2 minutes\" \/>\n<script type=\"application\/ld+json\" class=\"yoast-schema-graph\">{\"@context\":\"https:\/\/schema.org\",\"@graph\":[{\"@type\":\"WebSite\",\"@id\":\"https:\/\/www.gen-ethische-stiftung.de\/#website\",\"url\":\"https:\/\/www.gen-ethische-stiftung.de\/\",\"name\":\"\",\"description\":\"\",\"potentialAction\":[{\"@type\":\"SearchAction\",\"target\":{\"@type\":\"EntryPoint\",\"urlTemplate\":\"https:\/\/www.gen-ethische-stiftung.de\/?s={search_term_string}\"},\"query-input\":\"required name=search_term_string\"}],\"inLanguage\":\"en-US\"},{\"@type\":\"WebPage\",\"@id\":\"https:\/\/www.gen-ethische-stiftung.de\/?p=155214#webpage\",\"url\":\"https:\/\/www.gen-ethische-stiftung.de\/?p=155214\",\"name\":\"Die Textilbranche steht zunehmend im Fokus der \\u00d6ffentlichkeit und Industrie f\\u00fcr ihre Umweltauswirkun -\",\"isPartOf\":{\"@id\":\"https:\/\/www.gen-ethische-stiftung.de\/#website\"},\"datePublished\":\"2025-09-03T15:14:33+00:00\",\"dateModified\":\"2026-09-03T13:14:35+00:00\",\"author\":{\"@id\":\"https:\/\/www.gen-ethische-stiftung.de\/#\/schema\/person\/983704f6819bdb05aea5a26d35c78e39\"},\"breadcrumb\":{\"@id\":\"https:\/\/www.gen-ethische-stiftung.de\/?p=155214#breadcrumb\"},\"inLanguage\":\"en-US\",\"potentialAction\":[{\"@type\":\"ReadAction\",\"target\":[\"https:\/\/www.gen-ethische-stiftung.de\/?p=155214\"]}]},{\"@type\":\"BreadcrumbList\",\"@id\":\"https:\/\/www.gen-ethische-stiftung.de\/?p=155214#breadcrumb\",\"itemListElement\":[{\"@type\":\"ListItem\",\"position\":1,\"name\":\"Home\",\"item\":\"https:\/\/www.gen-ethische-stiftung.de\/\"},{\"@type\":\"ListItem\",\"position\":2,\"name\":\"Die Textilbranche steht zunehmend im Fokus der \\u00d6ffentlichkeit und Industrie f\\u00fcr ihre Umweltauswirkun\"}]},{\"@type\":\"Person\",\"@id\":\"https:\/\/www.gen-ethische-stiftung.de\/#\/schema\/person\/983704f6819bdb05aea5a26d35c78e39\",\"name\":\"wordpress_1d9d73dafc30\",\"url\":\"https:\/\/www.gen-ethische-stiftung.de\/?author=57\"}]}<\/script>\n<!-- \/ Yoast SEO plugin. -->","yoast_head_json":{"robots":{"index":"index","follow":"follow","max-snippet":"max-snippet:-1","max-image-preview":"max-image-preview:large","max-video-preview":"max-video-preview:-1"},"canonical":"https:\/\/www.gen-ethische-stiftung.de\/?p=155214","og_locale":"en_US","og_type":"article","og_title":"Die Textilbranche steht zunehmend im Fokus der \u00d6ffentlichkeit und Industrie f\u00fcr ihre Umweltauswirkun -","og_description":"Einleitung Die Textilbranche steht zunehmend im Fokus der \u00d6ffentlichkeit und Industrie f\u00fcr ihre Umweltauswirkungen und Nachhaltigkeitsinitiativen. Besonders im Bereich der Textilveredelung \u2014 einem essenziellen Schritt zur Verbesserung der Funktionalit\u00e4t, Optik und Haltbarkeit von Textilien \u2014 sind Innovationen gefragt, um \u00f6kologische Standards zu erf\u00fcllen und gleichzeitig wirtschaftlich wettbewerbsf\u00e4hig zu bleiben. Herausforderungen in der Textilveredelung Traditionelle Verfahren [&hellip;]","og_url":"https:\/\/www.gen-ethische-stiftung.de\/?p=155214","article_published_time":"2025-09-03T15:14:33+00:00","article_modified_time":"2026-09-03T13:14:35+00:00","twitter_card":"summary","twitter_misc":{"Written by":"wordpress_1d9d73dafc30","Est. reading time":"2 minutes"},"schema":{"@context":"https:\/\/schema.org","@graph":[{"@type":"WebSite","@id":"https:\/\/www.gen-ethische-stiftung.de\/#website","url":"https:\/\/www.gen-ethische-stiftung.de\/","name":"","description":"","potentialAction":[{"@type":"SearchAction","target":{"@type":"EntryPoint","urlTemplate":"https:\/\/www.gen-ethische-stiftung.de\/?s={search_term_string}"},"query-input":"required name=search_term_string"}],"inLanguage":"en-US"},{"@type":"WebPage","@id":"https:\/\/www.gen-ethische-stiftung.de\/?p=155214#webpage","url":"https:\/\/www.gen-ethische-stiftung.de\/?p=155214","name":"Die Textilbranche steht zunehmend im Fokus der \u00d6ffentlichkeit und Industrie f\u00fcr ihre Umweltauswirkun -","isPartOf":{"@id":"https:\/\/www.gen-ethische-stiftung.de\/#website"},"datePublished":"2025-09-03T15:14:33+00:00","dateModified":"2026-09-03T13:14:35+00:00","author":{"@id":"https:\/\/www.gen-ethische-stiftung.de\/#\/schema\/person\/983704f6819bdb05aea5a26d35c78e39"},"breadcrumb":{"@id":"https:\/\/www.gen-ethische-stiftung.de\/?p=155214#breadcrumb"},"inLanguage":"en-US","potentialAction":[{"@type":"ReadAction","target":["https:\/\/www.gen-ethische-stiftung.de\/?p=155214"]}]},{"@type":"BreadcrumbList","@id":"https:\/\/www.gen-ethische-stiftung.de\/?p=155214#breadcrumb","itemListElement":[{"@type":"ListItem","position":1,"name":"Home","item":"https:\/\/www.gen-ethische-stiftung.de\/"},{"@type":"ListItem","position":2,"name":"Die Textilbranche steht zunehmend im Fokus der \u00d6ffentlichkeit und Industrie f\u00fcr ihre Umweltauswirkun"}]},{"@type":"Person","@id":"https:\/\/www.gen-ethische-stiftung.de\/#\/schema\/person\/983704f6819bdb05aea5a26d35c78e39","name":"wordpress_1d9d73dafc30","url":"https:\/\/www.gen-ethische-stiftung.de\/?author=57"}]}},"_links":{"self":[{"href":"https:\/\/www.gen-ethische-stiftung.de\/index.php?rest_route=\/wp\/v2\/posts\/155214","targetHints":{"allow":["GET"]}}],"collection":[{"href":"https:\/\/www.gen-ethische-stiftung.de\/index.php?rest_route=\/wp\/v2\/posts"}],"about":[{"href":"https:\/\/www.gen-ethische-stiftung.de\/index.php?rest_route=\/wp\/v2\/types\/post"}],"author":[{"embeddable":true,"href":"https:\/\/www.gen-ethische-stiftung.de\/index.php?rest_route=\/wp\/v2\/users\/57"}],"replies":[{"embeddable":true,"href":"https:\/\/www.gen-ethische-stiftung.de\/index.php?rest_route=%2Fwp%2Fv2%2Fcomments&post=155214"}],"version-history":[{"count":0,"href":"https:\/\/www.gen-ethische-stiftung.de\/index.php?rest_route=\/wp\/v2\/posts\/155214\/revisions"}],"wp:attachment":[{"href":"https:\/\/www.gen-ethische-stiftung.de\/index.php?rest_route=%2Fwp%2Fv2%2Fmedia&parent=155214"}],"wp:term":[{"taxonomy":"category","embeddable":true,"href":"https:\/\/www.gen-ethische-stiftung.de\/index.php?rest_route=%2Fwp%2Fv2%2Fcategories&post=155214"},{"taxonomy":"post_tag","embeddable":true,"href":"https:\/\/www.gen-ethische-stiftung.de\/index.php?rest_route=%2Fwp%2Fv2%2Ftags&post=155214"}],"curies":[{"name":"wp","href":"https:\/\/api.w.org\/{rel}","templated":true}]}}