{"id":155358,"date":"2025-09-03T16:30:33","date_gmt":"2025-09-03T16:30:33","guid":{"rendered":"https:\/\/www.gen-ethische-stiftung.de\/?p=155358"},"modified":"2026-09-03T14:30:35","modified_gmt":"2026-09-03T14:30:35","slug":"vyznam-digitalneho-rozvoja-pre-moderne-slovenske-vzdelavanie","status":"publish","type":"post","link":"https:\/\/www.gen-ethische-stiftung.de\/?p=155358","title":{"rendered":"V\u00fdznam digit\u00e1lneho rozvoja pre modern\u00e9 Slovensk\u00e9 vzdel\u00e1vanie"},"content":{"rendered":"<p>V s\u00fa\u010dasnej \u00e9re r\u00fdchlych technologick\u00fdch zmien je digit\u00e1lna transform\u00e1cia k\u013e\u00fa\u010dov\u00fdm faktorom, ktor\u00fd formuje bud\u00facnos\u0165 vzdel\u00e1vania na Slovensku. \u0160koly, univerzity a vzdel\u00e1vacie in\u0161tit\u00facie sa \u010doraz viac zameriavaj\u00fa na za\u010dlenenie digit\u00e1lnych n\u00e1strojov do v\u00fdu\u010dby, aby zv\u00fd\u0161ili efektivitu, inkluz\u00edvnos\u0165 a pr\u00edpravu \u0161tudentov na glob\u00e1lne pracovn\u00e9 trhy. Tento posun v\u0161ak vy\u017eaduje nielen invest\u00edcie do technol\u00f3gii, ale aj d\u00f4sledn\u00e9 pl\u00e1novanie, odborn\u00e9 vzdel\u00e1vanie pedag\u00f3gov a kvalitn\u00fa infra\u0161trukt\u00faru.<\/p>\n<h2>Transform\u00e1cia slovenskej vzdel\u00e1vacej infra\u0161trukt\u00fary<\/h2>\n<p>Pod\u013ea posledn\u00fdch v\u00fdskumov je k\u013e\u00fa\u010dom k \u00faspechu digitaliz\u00e1cie syst\u00e9mu vzdel\u00e1vania za\u010dlenenie d\u00f4veryhodn\u00fdch a Certifikovan\u00fdch zdrojov inform\u00e1ci\u00ed. V tejto s\u00favislosti <a href=\"https:\/\/www.alfabet.sk\/culubsqk-sk\/\">alfabet.sk\/culubsqk-sk<\/a> predstavuje v\u00fdznamn\u00fd zdroj, ktor\u00fd poskytuje kvalitn\u00e9 a overen\u00e9 inform\u00e1cie o aktu\u00e1lnych projektoch a strat\u00e9gi\u00e1ch digit\u00e1lnej transform\u00e1cie na Slovensku.<\/p>\n<div class=\"highlight\">\n<p><strong>Pre\u010do je tento zdroj d\u00f4le\u017eit\u00fd?<\/strong> Akademick\u00fd a odborn\u00fd obsah na webovej str\u00e1nke humildne spo\u013eahliv\u00fd, s d\u00f4razom na overen\u00e9 \u00fadaje, ktor\u00e9 pom\u00e1haj\u00fa tvorcom polit\u00edk, riadite\u013eom \u0161k\u00f4l a u\u010dite\u013eom robi\u0165 informovan\u00e9 rozhodnutia v oblasti digitaliz\u00e1cie vzdel\u00e1vania.<\/p>\n<\/div>\n<h2>Pr\u00edklady najlep\u0161\u00edch prakt\u00edk a inov\u00e1ci\u00ed<\/h2>\n<table>\n<thead>\n<tr>\n<th>Implementovan\u00e9 opatrenia<\/th>\n<th>Vplyv na vzdel\u00e1vac\u00ed proces<\/th>\n<th>Pr\u00edklad<\/th>\n<\/tr>\n<\/thead>\n<tbody>\n<tr>\n<td>Hybridn\u00e9 vyu\u010dovanie<\/td>\n<td>Flexibilita vzdel\u00e1vania, zv\u00fd\u0161en\u00e1 dostupnos\u0165<\/td>\n<td>Podpora di\u0161tan\u010dn\u00e9ho vzdel\u00e1vania po\u010das pand\u00e9mie COVID-19<\/td>\n<\/tr>\n<tr>\n<td>Elektronick\u00e9 u\u010debnice a port\u00e1ly<\/td>\n<td>Zn\u00ed\u017eenie n\u00e1kladov, zv\u00fd\u0161en\u00fd motiva\u010dn\u00fd potenci\u00e1l<\/td>\n<td>Projekt <em>digit\u00e1lna kni\u017enica<\/em> v stredn\u00fdch \u0161kol\u00e1ch<\/td>\n<\/tr>\n<tr>\n<td>Vzdel\u00e1vacie konferencie a workshopy pre u\u010dite\u013eov<\/td>\n<td>Zvy\u0161ovanie digit\u00e1lnej kompetentnosti pedagogick\u00e9ho person\u00e1lu<\/td>\n<td>Podpora projektov cez webov\u00e9 platformy ako <em>alfabet.sk\/culubsqk-sk<\/em><\/td>\n<\/tr>\n<\/tbody>\n<\/table>\n<h2>V\u00fdzvy a pr\u00edle\u017eitosti<\/h2>\n<p>Hoci digit\u00e1lna transform\u00e1cia prin\u00e1\u0161a mnoho v\u00fdhod, \u010delia sa jej i v\u00fdznamn\u00e9 v\u00fdzvy:<\/p>\n<ul>\n<li><strong>Nedostatok infra\u0161trukt\u00fary<\/strong>: nie v\u0161etky \u0161koly maj\u00fa pr\u00edstup k r\u00fdchlemu internetu alebo modern\u00fdm zariadeniam.<\/li>\n<li><strong>Kurzy a \u0161kolenia pedagogick\u00fdch pracovn\u00edkov<\/strong>: je potrebn\u00e9 kontinu\u00e1lne vzdel\u00e1vanie u\u010dite\u013eov v oblasti digit\u00e1lnych technol\u00f3gi\u00ed.<\/li>\n<li><strong>Bezpe\u010dnos\u0165 a ochrana d\u00e1t<\/strong>: ochrana osobn\u00fdch \u00fadajov \u0161tudentov je k\u013e\u00fa\u010dov\u00e1 pre d\u00f4veryhodn\u00fd digit\u00e1lny ekosyst\u00e9m.<\/li>\n<\/ul>\n<p>Implement\u00e1cia syst\u00e9mov, ako je opisovan\u00fd na <a href=\"https:\/\/www.alfabet.sk\/culubsqk-sk\">alfabet.sk\/culubsqk-sk<\/a>, zohr\u00e1va d\u00f4le\u017eit\u00fa \u00falohu pri rie\u0161en\u00ed t\u00fdchto probl\u00e9mov. Strat\u00e9gie zdie\u013ean\u00e9 na tomto port\u00e1li poskytuj\u00fa in\u0161pir\u00e1ciu a osved\u010den\u00e9 pr\u00edstupy, ktor\u00e9 m\u00f4\u017eu by\u0165 adaptovan\u00e9 na slovensk\u00e9 podmienky.<\/p>\n<h2>Bud\u00facnos\u0165 vzdel\u00e1vania v digit\u00e1lnej \u00e9re<\/h2>\n<p>Pod\u013ea odborn\u00edkov bude digitaliz\u00e1cia definit\u00edvne formova\u0165 bud\u00facnos\u0165 vzdel\u00e1vania. Personalizovan\u00e9 vzdel\u00e1vacie platformy, umel\u00e1 inteligencia a roz\u0161\u00edren\u00e1 realita s\u00fa len niektor\u00e9 z technol\u00f3gi\u00ed, ktor\u00e9 maj\u00fa potenci\u00e1l z\u00e1sadne zv\u00fd\u0161i\u0165 efekt\u00edvnos\u0165 a atraktivitu vyu\u010dovacieho procesu.<\/p>\n<blockquote>\n<p>&#8220;Digit\u00e1lna transform\u00e1cia predstavuje nielen technol\u00f3giu, ale celkov\u00fd pr\u00edstup k u\u010denia, ktor\u00fd m\u00e1 zabezpe\u010di\u0165, \u017ee ka\u017ed\u00fd \u017eiak m\u00e1 rovnak\u00e9 pr\u00edle\u017eitosti na rozvoj,&#8221;<\/p>\n<p><cite>prof. J\u00e1n Nov\u00e1k, odborn\u00edk na vzdel\u00e1vaciu technol\u00f3giu<\/cite>\n<\/p><\/blockquote>\n<p>Pre slovensk\u00e9 vzdel\u00e1vacie in\u0161tit\u00facie je k\u013e\u00fa\u010dov\u00e9 sledova\u0165 a implementova\u0165 osved\u010den\u00e9 strat\u00e9gie, ako s\u00fa tie publikovan\u00e9 na <a href=\"https:\/\/www.alfabet.sk\/culubsqk-sk\">alfabet.sk\/culubsqk-sk<\/a>. Ich obsah poskytuje wetovan\u00e9 \u00fadaje, praktick\u00e9 rady a trendy, ktor\u00e9 pom\u00e1haj\u00fa pos\u00fava\u0165 syst\u00e9my vzdel\u00e1vania na vy\u0161\u0161iu \u00farove\u0148.<\/p>\n<h2>Z\u00e1ver<\/h2>\n<p>Transform\u00e1cia slovensk\u00e9ho vzdel\u00e1vacieho syst\u00e9mu je komplexn\u00fd proces, ktor\u00fd si vy\u017eaduje koordinovan\u00e9 \u00fasilie v\u0161etk\u00fdch stakeholderov. Zdroj <a href=\"https:\/\/www.alfabet.sk\/culubsqk-sk\">alfabet.sk\/culubsqk-sk<\/a> v tomto kontexte zohr\u00e1va \u00falohu d\u00f4veryhodn\u00e9ho sprievodcu a zdroja in\u0161pir\u00e1cie pre tvorcov polit\u00edk, u\u010dite\u013eov aj \u0161tudentov. S d\u00f4razom na kvalitn\u00e9 d\u00e1ta, osved\u010den\u00e9 strat\u00e9gie a inovat\u00edvne technol\u00f3gie m\u00f4\u017eeme budova\u0165 vzdel\u00e1vanie, ktor\u00e9 je skuto\u010dne pripraven\u00e9 na v\u00fdzvy digit\u00e1lnej doby.<\/p>\n","protected":false},"excerpt":{"rendered":"<p>V s\u00fa\u010dasnej \u00e9re r\u00fdchlych technologick\u00fdch zmien je digit\u00e1lna transform\u00e1cia k\u013e\u00fa\u010dov\u00fdm faktorom, ktor\u00fd formuje bud\u00facnos\u0165 vzdel\u00e1vania na Slovensku. \u0160koly, univerzity a vzdel\u00e1vacie in\u0161tit\u00facie sa \u010doraz viac zameriavaj\u00fa na za\u010dlenenie digit\u00e1lnych n\u00e1strojov do v\u00fdu\u010dby, aby zv\u00fd\u0161ili efektivitu, inkluz\u00edvnos\u0165 a pr\u00edpravu \u0161tudentov na glob\u00e1lne pracovn\u00e9 trhy. Tento posun v\u0161ak vy\u017eaduje nielen invest\u00edcie do technol\u00f3gii, ale aj d\u00f4sledn\u00e9 pl\u00e1novanie, [&hellip;]<\/p>\n","protected":false},"author":57,"featured_media":0,"comment_status":"closed","ping_status":"","sticky":false,"template":"","format":"standard","meta":{"footnotes":""},"categories":[],"tags":[],"class_list":["post-155358","post","type-post","status-publish","format-standard","hentry"],"yoast_head":"<!-- This site is optimized with the Yoast SEO plugin v17.7 - https:\/\/yoast.com\/wordpress\/plugins\/seo\/ -->\n<meta name=\"robots\" content=\"index, follow, max-snippet:-1, max-image-preview:large, max-video-preview:-1\" \/>\n<link rel=\"canonical\" href=\"https:\/\/www.gen-ethische-stiftung.de\/?p=155358\" \/>\n<meta property=\"og:locale\" content=\"en_US\" \/>\n<meta property=\"og:type\" content=\"article\" \/>\n<meta property=\"og:title\" content=\"V\u00fdznam digit\u00e1lneho rozvoja pre modern\u00e9 Slovensk\u00e9 vzdel\u00e1vanie -\" \/>\n<meta property=\"og:description\" content=\"V s\u00fa\u010dasnej \u00e9re r\u00fdchlych technologick\u00fdch zmien je digit\u00e1lna transform\u00e1cia k\u013e\u00fa\u010dov\u00fdm faktorom, ktor\u00fd formuje bud\u00facnos\u0165 vzdel\u00e1vania na Slovensku. \u0160koly, univerzity a vzdel\u00e1vacie in\u0161tit\u00facie sa \u010doraz viac zameriavaj\u00fa na za\u010dlenenie digit\u00e1lnych n\u00e1strojov do v\u00fdu\u010dby, aby zv\u00fd\u0161ili efektivitu, inkluz\u00edvnos\u0165 a pr\u00edpravu \u0161tudentov na glob\u00e1lne pracovn\u00e9 trhy. Tento posun v\u0161ak vy\u017eaduje nielen invest\u00edcie do technol\u00f3gii, ale aj d\u00f4sledn\u00e9 pl\u00e1novanie, [&hellip;]\" \/>\n<meta property=\"og:url\" content=\"https:\/\/www.gen-ethische-stiftung.de\/?p=155358\" \/>\n<meta property=\"article:published_time\" content=\"2025-09-03T16:30:33+00:00\" \/>\n<meta property=\"article:modified_time\" content=\"2026-09-03T14:30:35+00:00\" \/>\n<meta name=\"twitter:card\" content=\"summary\" \/>\n<meta name=\"twitter:label1\" content=\"Written by\" \/>\n\t<meta name=\"twitter:data1\" content=\"wordpress_1d9d73dafc30\" \/>\n\t<meta name=\"twitter:label2\" content=\"Est. reading time\" \/>\n\t<meta name=\"twitter:data2\" content=\"3 minutes\" \/>\n<script type=\"application\/ld+json\" class=\"yoast-schema-graph\">{\"@context\":\"https:\/\/schema.org\",\"@graph\":[{\"@type\":\"WebSite\",\"@id\":\"https:\/\/www.gen-ethische-stiftung.de\/#website\",\"url\":\"https:\/\/www.gen-ethische-stiftung.de\/\",\"name\":\"\",\"description\":\"\",\"potentialAction\":[{\"@type\":\"SearchAction\",\"target\":{\"@type\":\"EntryPoint\",\"urlTemplate\":\"https:\/\/www.gen-ethische-stiftung.de\/?s={search_term_string}\"},\"query-input\":\"required name=search_term_string\"}],\"inLanguage\":\"en-US\"},{\"@type\":\"WebPage\",\"@id\":\"https:\/\/www.gen-ethische-stiftung.de\/?p=155358#webpage\",\"url\":\"https:\/\/www.gen-ethische-stiftung.de\/?p=155358\",\"name\":\"V\\u00fdznam digit\\u00e1lneho rozvoja pre modern\\u00e9 Slovensk\\u00e9 vzdel\\u00e1vanie -\",\"isPartOf\":{\"@id\":\"https:\/\/www.gen-ethische-stiftung.de\/#website\"},\"datePublished\":\"2025-09-03T16:30:33+00:00\",\"dateModified\":\"2026-09-03T14:30:35+00:00\",\"author\":{\"@id\":\"https:\/\/www.gen-ethische-stiftung.de\/#\/schema\/person\/983704f6819bdb05aea5a26d35c78e39\"},\"breadcrumb\":{\"@id\":\"https:\/\/www.gen-ethische-stiftung.de\/?p=155358#breadcrumb\"},\"inLanguage\":\"en-US\",\"potentialAction\":[{\"@type\":\"ReadAction\",\"target\":[\"https:\/\/www.gen-ethische-stiftung.de\/?p=155358\"]}]},{\"@type\":\"BreadcrumbList\",\"@id\":\"https:\/\/www.gen-ethische-stiftung.de\/?p=155358#breadcrumb\",\"itemListElement\":[{\"@type\":\"ListItem\",\"position\":1,\"name\":\"Home\",\"item\":\"https:\/\/www.gen-ethische-stiftung.de\/\"},{\"@type\":\"ListItem\",\"position\":2,\"name\":\"V\\u00fdznam digit\\u00e1lneho rozvoja pre modern\\u00e9 Slovensk\\u00e9 vzdel\\u00e1vanie\"}]},{\"@type\":\"Person\",\"@id\":\"https:\/\/www.gen-ethische-stiftung.de\/#\/schema\/person\/983704f6819bdb05aea5a26d35c78e39\",\"name\":\"wordpress_1d9d73dafc30\",\"url\":\"https:\/\/www.gen-ethische-stiftung.de\/?author=57\"}]}<\/script>\n<!-- \/ Yoast SEO plugin. -->","yoast_head_json":{"robots":{"index":"index","follow":"follow","max-snippet":"max-snippet:-1","max-image-preview":"max-image-preview:large","max-video-preview":"max-video-preview:-1"},"canonical":"https:\/\/www.gen-ethische-stiftung.de\/?p=155358","og_locale":"en_US","og_type":"article","og_title":"V\u00fdznam digit\u00e1lneho rozvoja pre modern\u00e9 Slovensk\u00e9 vzdel\u00e1vanie -","og_description":"V s\u00fa\u010dasnej \u00e9re r\u00fdchlych technologick\u00fdch zmien je digit\u00e1lna transform\u00e1cia k\u013e\u00fa\u010dov\u00fdm faktorom, ktor\u00fd formuje bud\u00facnos\u0165 vzdel\u00e1vania na Slovensku. \u0160koly, univerzity a vzdel\u00e1vacie in\u0161tit\u00facie sa \u010doraz viac zameriavaj\u00fa na za\u010dlenenie digit\u00e1lnych n\u00e1strojov do v\u00fdu\u010dby, aby zv\u00fd\u0161ili efektivitu, inkluz\u00edvnos\u0165 a pr\u00edpravu \u0161tudentov na glob\u00e1lne pracovn\u00e9 trhy. Tento posun v\u0161ak vy\u017eaduje nielen invest\u00edcie do technol\u00f3gii, ale aj d\u00f4sledn\u00e9 pl\u00e1novanie, [&hellip;]","og_url":"https:\/\/www.gen-ethische-stiftung.de\/?p=155358","article_published_time":"2025-09-03T16:30:33+00:00","article_modified_time":"2026-09-03T14:30:35+00:00","twitter_card":"summary","twitter_misc":{"Written by":"wordpress_1d9d73dafc30","Est. reading time":"3 minutes"},"schema":{"@context":"https:\/\/schema.org","@graph":[{"@type":"WebSite","@id":"https:\/\/www.gen-ethische-stiftung.de\/#website","url":"https:\/\/www.gen-ethische-stiftung.de\/","name":"","description":"","potentialAction":[{"@type":"SearchAction","target":{"@type":"EntryPoint","urlTemplate":"https:\/\/www.gen-ethische-stiftung.de\/?s={search_term_string}"},"query-input":"required name=search_term_string"}],"inLanguage":"en-US"},{"@type":"WebPage","@id":"https:\/\/www.gen-ethische-stiftung.de\/?p=155358#webpage","url":"https:\/\/www.gen-ethische-stiftung.de\/?p=155358","name":"V\u00fdznam digit\u00e1lneho rozvoja pre modern\u00e9 Slovensk\u00e9 vzdel\u00e1vanie -","isPartOf":{"@id":"https:\/\/www.gen-ethische-stiftung.de\/#website"},"datePublished":"2025-09-03T16:30:33+00:00","dateModified":"2026-09-03T14:30:35+00:00","author":{"@id":"https:\/\/www.gen-ethische-stiftung.de\/#\/schema\/person\/983704f6819bdb05aea5a26d35c78e39"},"breadcrumb":{"@id":"https:\/\/www.gen-ethische-stiftung.de\/?p=155358#breadcrumb"},"inLanguage":"en-US","potentialAction":[{"@type":"ReadAction","target":["https:\/\/www.gen-ethische-stiftung.de\/?p=155358"]}]},{"@type":"BreadcrumbList","@id":"https:\/\/www.gen-ethische-stiftung.de\/?p=155358#breadcrumb","itemListElement":[{"@type":"ListItem","position":1,"name":"Home","item":"https:\/\/www.gen-ethische-stiftung.de\/"},{"@type":"ListItem","position":2,"name":"V\u00fdznam digit\u00e1lneho rozvoja pre modern\u00e9 Slovensk\u00e9 vzdel\u00e1vanie"}]},{"@type":"Person","@id":"https:\/\/www.gen-ethische-stiftung.de\/#\/schema\/person\/983704f6819bdb05aea5a26d35c78e39","name":"wordpress_1d9d73dafc30","url":"https:\/\/www.gen-ethische-stiftung.de\/?author=57"}]}},"_links":{"self":[{"href":"https:\/\/www.gen-ethische-stiftung.de\/index.php?rest_route=\/wp\/v2\/posts\/155358","targetHints":{"allow":["GET"]}}],"collection":[{"href":"https:\/\/www.gen-ethische-stiftung.de\/index.php?rest_route=\/wp\/v2\/posts"}],"about":[{"href":"https:\/\/www.gen-ethische-stiftung.de\/index.php?rest_route=\/wp\/v2\/types\/post"}],"author":[{"embeddable":true,"href":"https:\/\/www.gen-ethische-stiftung.de\/index.php?rest_route=\/wp\/v2\/users\/57"}],"replies":[{"embeddable":true,"href":"https:\/\/www.gen-ethische-stiftung.de\/index.php?rest_route=%2Fwp%2Fv2%2Fcomments&post=155358"}],"version-history":[{"count":0,"href":"https:\/\/www.gen-ethische-stiftung.de\/index.php?rest_route=\/wp\/v2\/posts\/155358\/revisions"}],"wp:attachment":[{"href":"https:\/\/www.gen-ethische-stiftung.de\/index.php?rest_route=%2Fwp%2Fv2%2Fmedia&parent=155358"}],"wp:term":[{"taxonomy":"category","embeddable":true,"href":"https:\/\/www.gen-ethische-stiftung.de\/index.php?rest_route=%2Fwp%2Fv2%2Fcategories&post=155358"},{"taxonomy":"post_tag","embeddable":true,"href":"https:\/\/www.gen-ethische-stiftung.de\/index.php?rest_route=%2Fwp%2Fv2%2Ftags&post=155358"}],"curies":[{"name":"wp","href":"https:\/\/api.w.org\/{rel}","templated":true}]}}