{"id":156752,"date":"2025-09-04T06:44:15","date_gmt":"2025-09-04T06:44:15","guid":{"rendered":"https:\/\/www.gen-ethische-stiftung.de\/?p=156752"},"modified":"2026-09-04T04:44:17","modified_gmt":"2026-09-04T04:44:17","slug":"v-poslednich-letech-zaziva-segment-distribuce-potravin-vyznamnou-digitalni-revoluci-ktera-zasadne-m","status":"publish","type":"post","link":"https:\/\/www.gen-ethische-stiftung.de\/?p=156752","title":{"rendered":"V posledn\u00edch letech za\u017e\u00edv\u00e1 segment distribuce potravin v\u00fdznamnou digit\u00e1ln\u00ed revoluci, kter\u00e1 z\u00e1sadn\u011b m"},"content":{"rendered":"<p><main style=\"padding: 2rem;\"><\/p>\n<h2>\u00davod: Digit\u00e1ln\u00ed revoluce v logistice potravin<\/h2>\n<p>\nV posledn\u00edch letech za\u017e\u00edv\u00e1 segment distribuce potravin v\u00fdznamnou digit\u00e1ln\u00ed revoluci, kter\u00e1 z\u00e1sadn\u011b m\u011bn\u00ed nejen zp\u016fsob, jak\u00fdm jsou produkty na trhu distribuov\u00e1ny, ale i vztah samotn\u00fdch obchodn\u00edk\u016f, v\u00fdrobc\u016f a kone\u010dn\u00fdch z\u00e1kazn\u00edk\u016f. Tradi\u010dn\u00ed model, zalo\u017een\u00fd na fyzick\u00fdch prodejn\u00e1ch a osobn\u00edch kontaktu, je prost\u0159ednictv\u00edm modern\u00edch technologi\u00ed nahrazov\u00e1n inovativn\u00edmi platformami, je\u017e nab\u00edzej\u00ed efektivitu, transparentnost a personalizaci.\n<\/p>\n<h2>Kl\u00ed\u010dov\u00e9 trendy v digit\u00e1ln\u00ed distribuci potravin<\/h2>\n<p>\nPodle aktu\u00e1ln\u00edch studi\u00ed v oblasti e-commerce a digit\u00e1ln\u00edch \u0159e\u0161en\u00ed pro potravin\u00e1\u0159stv\u00ed doch\u00e1z\u00ed k n\u00e1sleduj\u00edc\u00edm v\u00fdznamn\u00fdm trend\u016fm:\n<\/p>\n<ol>\n<li><strong>Online tr\u017ei\u0161t\u011b a platformy pro prodej potravin<\/strong>: Zvy\u0161uj\u00edc\u00ed se po\u010det platform umo\u017e\u0148uje jak mal\u00fdm farm\u00e1\u0159\u016fm, tak velk\u00fdm distributor\u016fm prod\u00e1vat p\u0159\u00edmo z\u00e1kazn\u00edk\u016fm.<\/li>\n<li><strong>Logistick\u00e1 automatizace a sledovatelnost<\/strong>: Implementace syst\u00e9m\u016f pro spr\u00e1vu sklad\u016f, sledov\u00e1n\u00ed z\u00e1silek v re\u00e1ln\u00e9m \u010dase a optimalizaci dopravy.<\/li>\n<li><strong>Analytika dat a personalizace nab\u00eddky<\/strong>: Anal\u00fdza n\u00e1kupn\u00edch vzorc\u016f podpo\u0159en\u00e1 um\u011blou inteligenc\u00ed umo\u017e\u0148uje l\u00e9pe p\u0159izp\u016fsobit nab\u00eddku z\u00e1kazn\u00edk\u016fm a zv\u00fd\u0161it jejich spokojenost.<\/li>\n<\/ol>\n<h2>P\u0159\u00edklad z praxe: Digit\u00e1ln\u00ed platforma pro distribuci potravin<\/h2>\n<p>\nJedn\u00edm z \u00fasp\u011b\u0161n\u00fdch p\u0159\u00edklad\u016f je platforma <a href=\"https:\/\/www.bizzo-cz.co.cz\/\"><strong>bizzo<\/strong><\/a>, kter\u00e1 je na trhu ji\u017e n\u011bkolik let a specializuje se na spojen\u00ed mal\u00fdch v\u00fdrobc\u016f s velk\u00fdmi distribu\u010dn\u00edmi \u0159et\u011bzci i koncov\u00fdmi z\u00e1kazn\u00edky. Jej\u00ed model umo\u017e\u0148uje rychlou a transparentn\u00ed objedn\u00e1vku, sledov\u00e1n\u00ed z\u00e1silek a spr\u00e1vu objedn\u00e1vek prost\u0159ednictv\u00edm intuitivn\u00edho rozhran\u00ed.\n<\/p>\n<blockquote><p>\n&#8220;Kombinace digit\u00e1ln\u00edch technologi\u00ed a datov\u00e9 analytiky umo\u017e\u0148uje nejen efektivn\u00ed distribuci, ale tak\u00e9 lep\u0161\u00ed transparentnost a d\u016fv\u011bru mezi v\u0161emi \u00fa\u010dastn\u00edky trhu,&#8221; \u0159\u00edk\u00e1 odborn\u00edk na digit\u00e1ln\u00ed logistiku.\n<\/p><\/blockquote>\n<h2>Data ukazuj\u00ed rostouc\u00ed v\u00fdznam digitalizace<\/h2>\n<table>\n<thead>\n<tr>\n<th>Rok<\/th>\n<th>Pod\u00edl online prodeje potravin (%)<\/th>\n<th>Po\u010det aktivn\u00edch platforem (ks)<\/th>\n<th>Pr\u016fm\u011brn\u00e1 doba doru\u010den\u00ed (hodiny)<\/th>\n<\/tr>\n<\/thead>\n<tbody>\n<tr>\n<td>2020<\/td>\n<td>8.5<\/td>\n<td>15<\/td>\n<td>24<\/td>\n<\/tr>\n<tr>\n<td>2021<\/td>\n<td>12.7<\/td>\n<td>25<\/td>\n<td>18<\/td>\n<\/tr>\n<tr>\n<td>2022<\/td>\n<td>21.4<\/td>\n<td>40<\/td>\n<td>12<\/td>\n<\/tr>\n<tr>\n<td>2023<\/td>\n<td>28.9<\/td>\n<td>60<\/td>\n<td>10<\/td>\n<\/tr>\n<\/tbody>\n<\/table>\n<h2>V\u00fdznam credibility a d\u016fv\u011bry v digit\u00e1ln\u00edch platform\u00e1ch<\/h2>\n<p>\nV digit\u00e1ln\u00edm prost\u0159ed\u00ed je d\u016fv\u011bra kl\u00ed\u010dov\u00e1. Platformy jako bizzo stav\u00ed na d\u016fv\u011bryhodnosti a robustnosti sv\u00fdch syst\u00e9m\u016f, kter\u00e9 zaji\u0161\u0165uj\u00ed bezpe\u010dnost dat, kvalitu slu\u017eeb a transparentnost operac\u00ed. Vyv\u00edjen\u00ed t\u011bchto prvk\u016f vy\u017eaduje nejen technologickou excelenci, ale i porozum\u011bn\u00ed komplexit\u011b trhu a pot\u0159eb\u00e1m u\u017eivatel\u016f.\n<\/p>\n<p>\nAni p\u0159i rychl\u00fdch technologick\u00fdch zm\u011bn\u00e1ch nen\u00ed d\u016fle\u017eit\u00e9 ztratit z dohledu z\u00e1kladn\u00ed pil\u00ed\u0159e d\u016fv\u011bryhodnosti \u2014 transparentnost proces\u016f, z\u00e1kaznickou podporu a zaji\u0161t\u011bn\u00ed kvality v\u0161ech produkt\u016f \u010di slu\u017eeb. To jsou hodnoty, kter\u00e9 platforma bizzo klade na prvn\u00ed m\u00edsto, \u010d\u00edm\u017e si buduje stabiln\u00ed pozici na konkuren\u010dn\u00edm trhu.\n<\/p>\n<h2>Budoucnost digit\u00e1ln\u00ed distribuce: sm\u011brem k udr\u017eiteln\u00e9mu rozvoji<\/h2>\n<p>\nS rozvojem technologi\u00ed je z\u0159ejm\u00e9, \u017ee digit\u00e1ln\u00ed platformy budou hr\u00e1t st\u00e1le d\u016fle\u017eit\u011bj\u0161\u00ed roli v budoucnosti distribuce potravin. O\u010dek\u00e1v\u00e1 se v\u011bt\u0161\u00ed d\u016fraz na ekologickou udr\u017eitelnost, nap\u0159\u00edklad skrze optimalizaci dopravy a sni\u017eov\u00e1n\u00ed emis\u00ed. Integrace IoT (Internet v\u011bc\u00ed) a blockchainov\u00fdch technologi\u00ed p\u0159inese v\u011bt\u0161\u00ed transparentnost a zabezpe\u010den\u00ed nejen v dodavatelsk\u00fdch \u0159et\u011bzc\u00edch, ale i v r\u00e1mci vztah\u016f se z\u00e1kazn\u00edky.\n<\/p>\n<p>\nExpanze platform jako bizzo je jasn\u00fdm sign\u00e1lem toho, \u017ee digitalizace nen\u00ed pouze trend, ale z\u00e1kladn\u00ed pil\u00ed\u0159 modern\u00edho, efektivn\u00edho a udr\u017eiteln\u00e9ho potravin\u00e1\u0159sk\u00e9ho pr\u016fmyslu.\n<\/p>\n<h2>Z\u00e1v\u011br: Kl\u00ed\u010dov\u00e9 hodnoty pro pr\u016fmyslovou excelenci<\/h2>\n<p>\nNa z\u00e1klad\u011b anal\u00fdzy je patrn\u00e9, \u017ee inovace v distribuci potravin prost\u0159ednictv\u00edm digit\u00e1ln\u00edch platform a technologi\u00ed, kter\u00e9 bizzo p\u0159edstavuje, p\u0159in\u00e1\u0161\u00ed nejen zv\u00fd\u0161en\u00ed efektivity, ale i pos\u00edlen\u00ed transparentnosti a d\u016fv\u011bryhodnosti cel\u00e9ho odv\u011btv\u00ed. Tyto aspekty jsou z\u00e1sadn\u00ed pro udr\u017eitelnou a konkurenceschopnou budoucnost potravinov\u00e9ho pr\u016fmyslu v \u010cesku i Evrop\u011b.\n<\/p>\n<p><\/main><\/p>\n<div class=\"footer\">\n<p>\u00a9 2024 Premium Industry Insights. V\u0161echna pr\u00e1va vyhrazena.<\/p>\n<\/div>\n","protected":false},"excerpt":{"rendered":"<p>\u00davod: Digit\u00e1ln\u00ed revoluce v logistice potravin V posledn\u00edch letech za\u017e\u00edv\u00e1 segment distribuce potravin v\u00fdznamnou digit\u00e1ln\u00ed revoluci, kter\u00e1 z\u00e1sadn\u011b m\u011bn\u00ed nejen zp\u016fsob, jak\u00fdm jsou produkty na trhu distribuov\u00e1ny, ale i vztah samotn\u00fdch obchodn\u00edk\u016f, v\u00fdrobc\u016f a kone\u010dn\u00fdch z\u00e1kazn\u00edk\u016f. Tradi\u010dn\u00ed model, zalo\u017een\u00fd na fyzick\u00fdch prodejn\u00e1ch a osobn\u00edch kontaktu, je prost\u0159ednictv\u00edm modern\u00edch technologi\u00ed nahrazov\u00e1n inovativn\u00edmi platformami, je\u017e nab\u00edzej\u00ed efektivitu, [&hellip;]<\/p>\n","protected":false},"author":57,"featured_media":0,"comment_status":"closed","ping_status":"","sticky":false,"template":"","format":"standard","meta":{"footnotes":""},"categories":[],"tags":[],"class_list":["post-156752","post","type-post","status-publish","format-standard","hentry"],"yoast_head":"<!-- This site is optimized with the Yoast SEO plugin v17.7 - https:\/\/yoast.com\/wordpress\/plugins\/seo\/ -->\n<meta name=\"robots\" content=\"index, follow, max-snippet:-1, max-image-preview:large, max-video-preview:-1\" \/>\n<link rel=\"canonical\" href=\"https:\/\/www.gen-ethische-stiftung.de\/?p=156752\" \/>\n<meta property=\"og:locale\" content=\"en_US\" \/>\n<meta property=\"og:type\" content=\"article\" \/>\n<meta property=\"og:title\" content=\"V posledn\u00edch letech za\u017e\u00edv\u00e1 segment distribuce potravin v\u00fdznamnou digit\u00e1ln\u00ed revoluci, kter\u00e1 z\u00e1sadn\u011b m -\" \/>\n<meta property=\"og:description\" content=\"\u00davod: Digit\u00e1ln\u00ed revoluce v logistice potravin V posledn\u00edch letech za\u017e\u00edv\u00e1 segment distribuce potravin v\u00fdznamnou digit\u00e1ln\u00ed revoluci, kter\u00e1 z\u00e1sadn\u011b m\u011bn\u00ed nejen zp\u016fsob, jak\u00fdm jsou produkty na trhu distribuov\u00e1ny, ale i vztah samotn\u00fdch obchodn\u00edk\u016f, v\u00fdrobc\u016f a kone\u010dn\u00fdch z\u00e1kazn\u00edk\u016f. Tradi\u010dn\u00ed model, zalo\u017een\u00fd na fyzick\u00fdch prodejn\u00e1ch a osobn\u00edch kontaktu, je prost\u0159ednictv\u00edm modern\u00edch technologi\u00ed nahrazov\u00e1n inovativn\u00edmi platformami, je\u017e nab\u00edzej\u00ed efektivitu, [&hellip;]\" \/>\n<meta property=\"og:url\" content=\"https:\/\/www.gen-ethische-stiftung.de\/?p=156752\" \/>\n<meta property=\"article:published_time\" content=\"2025-09-04T06:44:15+00:00\" \/>\n<meta property=\"article:modified_time\" content=\"2026-09-04T04:44:17+00:00\" \/>\n<meta name=\"twitter:card\" content=\"summary\" \/>\n<meta name=\"twitter:label1\" content=\"Written by\" \/>\n\t<meta name=\"twitter:data1\" content=\"wordpress_1d9d73dafc30\" \/>\n\t<meta name=\"twitter:label2\" content=\"Est. reading time\" \/>\n\t<meta name=\"twitter:data2\" content=\"3 minutes\" \/>\n<script type=\"application\/ld+json\" class=\"yoast-schema-graph\">{\"@context\":\"https:\/\/schema.org\",\"@graph\":[{\"@type\":\"WebSite\",\"@id\":\"https:\/\/www.gen-ethische-stiftung.de\/#website\",\"url\":\"https:\/\/www.gen-ethische-stiftung.de\/\",\"name\":\"\",\"description\":\"\",\"potentialAction\":[{\"@type\":\"SearchAction\",\"target\":{\"@type\":\"EntryPoint\",\"urlTemplate\":\"https:\/\/www.gen-ethische-stiftung.de\/?s={search_term_string}\"},\"query-input\":\"required name=search_term_string\"}],\"inLanguage\":\"en-US\"},{\"@type\":\"WebPage\",\"@id\":\"https:\/\/www.gen-ethische-stiftung.de\/?p=156752#webpage\",\"url\":\"https:\/\/www.gen-ethische-stiftung.de\/?p=156752\",\"name\":\"V posledn\\u00edch letech za\\u017e\\u00edv\\u00e1 segment distribuce potravin v\\u00fdznamnou digit\\u00e1ln\\u00ed revoluci, kter\\u00e1 z\\u00e1sadn\\u011b m -\",\"isPartOf\":{\"@id\":\"https:\/\/www.gen-ethische-stiftung.de\/#website\"},\"datePublished\":\"2025-09-04T06:44:15+00:00\",\"dateModified\":\"2026-09-04T04:44:17+00:00\",\"author\":{\"@id\":\"https:\/\/www.gen-ethische-stiftung.de\/#\/schema\/person\/983704f6819bdb05aea5a26d35c78e39\"},\"breadcrumb\":{\"@id\":\"https:\/\/www.gen-ethische-stiftung.de\/?p=156752#breadcrumb\"},\"inLanguage\":\"en-US\",\"potentialAction\":[{\"@type\":\"ReadAction\",\"target\":[\"https:\/\/www.gen-ethische-stiftung.de\/?p=156752\"]}]},{\"@type\":\"BreadcrumbList\",\"@id\":\"https:\/\/www.gen-ethische-stiftung.de\/?p=156752#breadcrumb\",\"itemListElement\":[{\"@type\":\"ListItem\",\"position\":1,\"name\":\"Home\",\"item\":\"https:\/\/www.gen-ethische-stiftung.de\/\"},{\"@type\":\"ListItem\",\"position\":2,\"name\":\"V posledn\\u00edch letech za\\u017e\\u00edv\\u00e1 segment distribuce potravin v\\u00fdznamnou digit\\u00e1ln\\u00ed revoluci, kter\\u00e1 z\\u00e1sadn\\u011b m\"}]},{\"@type\":\"Person\",\"@id\":\"https:\/\/www.gen-ethische-stiftung.de\/#\/schema\/person\/983704f6819bdb05aea5a26d35c78e39\",\"name\":\"wordpress_1d9d73dafc30\",\"url\":\"https:\/\/www.gen-ethische-stiftung.de\/?author=57\"}]}<\/script>\n<!-- \/ Yoast SEO plugin. -->","yoast_head_json":{"robots":{"index":"index","follow":"follow","max-snippet":"max-snippet:-1","max-image-preview":"max-image-preview:large","max-video-preview":"max-video-preview:-1"},"canonical":"https:\/\/www.gen-ethische-stiftung.de\/?p=156752","og_locale":"en_US","og_type":"article","og_title":"V posledn\u00edch letech za\u017e\u00edv\u00e1 segment distribuce potravin v\u00fdznamnou digit\u00e1ln\u00ed revoluci, kter\u00e1 z\u00e1sadn\u011b m -","og_description":"\u00davod: Digit\u00e1ln\u00ed revoluce v logistice potravin V posledn\u00edch letech za\u017e\u00edv\u00e1 segment distribuce potravin v\u00fdznamnou digit\u00e1ln\u00ed revoluci, kter\u00e1 z\u00e1sadn\u011b m\u011bn\u00ed nejen zp\u016fsob, jak\u00fdm jsou produkty na trhu distribuov\u00e1ny, ale i vztah samotn\u00fdch obchodn\u00edk\u016f, v\u00fdrobc\u016f a kone\u010dn\u00fdch z\u00e1kazn\u00edk\u016f. Tradi\u010dn\u00ed model, zalo\u017een\u00fd na fyzick\u00fdch prodejn\u00e1ch a osobn\u00edch kontaktu, je prost\u0159ednictv\u00edm modern\u00edch technologi\u00ed nahrazov\u00e1n inovativn\u00edmi platformami, je\u017e nab\u00edzej\u00ed efektivitu, [&hellip;]","og_url":"https:\/\/www.gen-ethische-stiftung.de\/?p=156752","article_published_time":"2025-09-04T06:44:15+00:00","article_modified_time":"2026-09-04T04:44:17+00:00","twitter_card":"summary","twitter_misc":{"Written by":"wordpress_1d9d73dafc30","Est. reading time":"3 minutes"},"schema":{"@context":"https:\/\/schema.org","@graph":[{"@type":"WebSite","@id":"https:\/\/www.gen-ethische-stiftung.de\/#website","url":"https:\/\/www.gen-ethische-stiftung.de\/","name":"","description":"","potentialAction":[{"@type":"SearchAction","target":{"@type":"EntryPoint","urlTemplate":"https:\/\/www.gen-ethische-stiftung.de\/?s={search_term_string}"},"query-input":"required name=search_term_string"}],"inLanguage":"en-US"},{"@type":"WebPage","@id":"https:\/\/www.gen-ethische-stiftung.de\/?p=156752#webpage","url":"https:\/\/www.gen-ethische-stiftung.de\/?p=156752","name":"V posledn\u00edch letech za\u017e\u00edv\u00e1 segment distribuce potravin v\u00fdznamnou digit\u00e1ln\u00ed revoluci, kter\u00e1 z\u00e1sadn\u011b m -","isPartOf":{"@id":"https:\/\/www.gen-ethische-stiftung.de\/#website"},"datePublished":"2025-09-04T06:44:15+00:00","dateModified":"2026-09-04T04:44:17+00:00","author":{"@id":"https:\/\/www.gen-ethische-stiftung.de\/#\/schema\/person\/983704f6819bdb05aea5a26d35c78e39"},"breadcrumb":{"@id":"https:\/\/www.gen-ethische-stiftung.de\/?p=156752#breadcrumb"},"inLanguage":"en-US","potentialAction":[{"@type":"ReadAction","target":["https:\/\/www.gen-ethische-stiftung.de\/?p=156752"]}]},{"@type":"BreadcrumbList","@id":"https:\/\/www.gen-ethische-stiftung.de\/?p=156752#breadcrumb","itemListElement":[{"@type":"ListItem","position":1,"name":"Home","item":"https:\/\/www.gen-ethische-stiftung.de\/"},{"@type":"ListItem","position":2,"name":"V posledn\u00edch letech za\u017e\u00edv\u00e1 segment distribuce potravin v\u00fdznamnou digit\u00e1ln\u00ed revoluci, kter\u00e1 z\u00e1sadn\u011b m"}]},{"@type":"Person","@id":"https:\/\/www.gen-ethische-stiftung.de\/#\/schema\/person\/983704f6819bdb05aea5a26d35c78e39","name":"wordpress_1d9d73dafc30","url":"https:\/\/www.gen-ethische-stiftung.de\/?author=57"}]}},"_links":{"self":[{"href":"https:\/\/www.gen-ethische-stiftung.de\/index.php?rest_route=\/wp\/v2\/posts\/156752","targetHints":{"allow":["GET"]}}],"collection":[{"href":"https:\/\/www.gen-ethische-stiftung.de\/index.php?rest_route=\/wp\/v2\/posts"}],"about":[{"href":"https:\/\/www.gen-ethische-stiftung.de\/index.php?rest_route=\/wp\/v2\/types\/post"}],"author":[{"embeddable":true,"href":"https:\/\/www.gen-ethische-stiftung.de\/index.php?rest_route=\/wp\/v2\/users\/57"}],"replies":[{"embeddable":true,"href":"https:\/\/www.gen-ethische-stiftung.de\/index.php?rest_route=%2Fwp%2Fv2%2Fcomments&post=156752"}],"version-history":[{"count":0,"href":"https:\/\/www.gen-ethische-stiftung.de\/index.php?rest_route=\/wp\/v2\/posts\/156752\/revisions"}],"wp:attachment":[{"href":"https:\/\/www.gen-ethische-stiftung.de\/index.php?rest_route=%2Fwp%2Fv2%2Fmedia&parent=156752"}],"wp:term":[{"taxonomy":"category","embeddable":true,"href":"https:\/\/www.gen-ethische-stiftung.de\/index.php?rest_route=%2Fwp%2Fv2%2Fcategories&post=156752"},{"taxonomy":"post_tag","embeddable":true,"href":"https:\/\/www.gen-ethische-stiftung.de\/index.php?rest_route=%2Fwp%2Fv2%2Ftags&post=156752"}],"curies":[{"name":"wp","href":"https:\/\/api.w.org\/{rel}","templated":true}]}}