{"id":157344,"date":"2025-09-04T12:05:11","date_gmt":"2025-09-04T12:05:11","guid":{"rendered":"https:\/\/www.gen-ethische-stiftung.de\/?p=157344"},"modified":"2026-09-04T10:05:12","modified_gmt":"2026-09-04T10:05:12","slug":"inovativni-pristupy-v-lecbe-chronickych-bolesti-patere","status":"publish","type":"post","link":"https:\/\/www.gen-ethische-stiftung.de\/?p=157344","title":{"rendered":"Inovativn\u00ed p\u0159\u00edstupy v l\u00e9\u010db\u011b chronick\u00fdch bolest\u00ed p\u00e1te\u0159e"},"content":{"rendered":"<p>Chronick\u00e9 bolesti p\u00e1te\u0159e p\u0159edstavuj\u00ed jeden z nejv\u00fdznamn\u011bj\u0161\u00edch medic\u00ednsk\u00fdch probl\u00e9m\u016f sou\u010dasnosti, ovliv\u0148uj\u00edc\u00ed miliony lid\u00ed po cel\u00e9m sv\u011bt\u011b. S rostouc\u00edm po\u010dtem pacient\u016f a jejich nar\u016fstaj\u00edc\u00edmi n\u00e1roky na kvalitu \u017eivota se l\u00e9ka\u0159i a v\u00fdzkumn\u00edci st\u00e1le v\u00edce obracej\u00ed k nov\u00fdm, pokro\u010dil\u00fdm metod\u00e1m l\u00e9\u010dby, kter\u00e9 slibuj\u00ed nejen symptomatickou \u00falevu, ale i dlouhodob\u00e9 \u0159e\u0161en\u00ed p\u0159\u00ed\u010din. V t\u00e9to souvislosti hraje d\u016fle\u017eitou roli multidisciplin\u00e1rn\u00ed p\u0159\u00edstup spojen\u00fd s modern\u00edmi technologie, mezi kter\u00e9 pat\u0159\u00ed nap\u0159\u00edklad regenerativn\u00ed medic\u00edna, pokro\u010dil\u00e9 fyzioterapeutick\u00e9 techniky \u010di inovativn\u00ed chirurgick\u00e9 postupy.<\/p>\n<div class=\"section\">\n<h2>V\u00fdzvy tradi\u010dn\u00ed medic\u00edny a po\u017eadavky na inovace<\/h2>\n<p>Tradi\u010dn\u00ed l\u00e9\u010debn\u00e9 metody, jako je farmakoterapie, fyzioterapie nebo chirurgick\u00e9 z\u00e1kroky, \u010dasto nedok\u00e1\u017eou pln\u011b \u0159e\u0161it komplexnost probl\u00e9m\u016f spojen\u00fdch s chronickou bolest\u00ed zad. P\u0159esto\u017ee maj\u00ed v\u00fdznamn\u00e9 m\u00edsto, jsou limitov\u00e1ny faktory jako vedlej\u0161\u00ed \u00fa\u010dinky, relapsy nebo nedostate\u010dn\u00e1 dlouhodob\u00e1 \u00fa\u010dinnost.<\/p>\n<p>Podle statistik Sv\u011btov\u00e9 zdravotnick\u00e9 organizace (WHO) trp\u00ed p\u0159ibli\u017en\u011b <strong>20-30 % populace<\/strong> chronickou bolest\u00ed zad, co\u017e p\u0159edstavuje nejen zdravotn\u00ed, ale i ekonomickou z\u00e1t\u011b\u017e. Proto se v\u011bdci i klinici obracej\u00ed k nov\u00fdm, pokrokov\u00fdm metod\u00e1m, je\u017e nejsou pouze symptomatick\u00e9, ale zahrnuj\u00ed skute\u010dnou regeneraci po\u0161kozen\u00fdch struktur p\u00e1te\u0159e.<\/p>\n<\/div>\n<div class=\"section\">\n<h2>Pokroky v regenerativn\u00ed medic\u00edn\u011b<\/h2>\n<p>Jednou z nejperspektivn\u011bj\u0161\u00edch oblast\u00ed je regenerativn\u00ed medic\u00edna, kter\u00e1 vyu\u017e\u00edv\u00e1 nap\u0159\u00edklad vlastn\u00ed bu\u0148ky pacienta k podpo\u0159e hojiv\u00fdch proces\u016f. Metody jako pou\u017eit\u00ed mesenchym\u00e1ln\u00edch kmenov\u00fdch bun\u011bk nebo platelet-rich plasma (PRP) maj\u00ed potenci\u00e1l zlep\u0161it funkci disk\u016f, sn\u00ed\u017eit z\u00e1n\u011bt a urychlit regeneraci tk\u00e1n\u011b.<\/p>\n<p>Za \u00fa\u010delem spr\u00e1vn\u00e9 aplikace a optim\u00e1ln\u00edho vyu\u017eit\u00ed t\u011bchto technologi\u00ed jsou nezbytn\u00e9 detailn\u00ed znalosti a modern\u00ed p\u0159\u00edstroje. Mezin\u00e1rodn\u00ed klinick\u00e1 studie publikovan\u00e1 v \u010dasopise <em>Journal of Spinal Disorders &amp; Techniques<\/em> uk\u00e1zala, \u017ee pacienti s degenerativn\u00edmi zm\u011bnami p\u00e1te\u0159e, kte\u0159\u00ed podstoupili regenerativn\u00ed terapii, zaznamenali po 6 m\u011bs\u00edc\u00edch v\u00fdrazn\u011b ni\u017e\u0161\u00ed bolest a zlep\u0161en\u00ed pohybov\u00e9 schopnosti.<\/p>\n<\/div>\n<div class=\"section\">\n<h2>Inovativn\u00ed fyzioterapeutick\u00e9 p\u0159\u00edstupy a jejich role<\/h2>\n<p>Dal\u0161\u00edm faktorem v \u00fasp\u011b\u0161n\u00e9 l\u00e9\u010db\u011b je integrace pokro\u010dil\u00fdch fyzioterapeutick\u00fdch technik. Metody jako nap\u0159\u00edklad myofasci\u00e1ln\u00ed uvoln\u011bn\u00ed, elektroterapie \u010di biomechanick\u00e1 korekce jsou za\u010dle\u0148ov\u00e1ny do komplexn\u00edho programu l\u00e9\u010dby. V sou\u010dasn\u00e9 dob\u011b je v\u00fdhodn\u00e9 vyu\u017e\u00edvat personalizovan\u00e9 rehabilita\u010dn\u00ed pl\u00e1ny, kter\u00e9 zohled\u0148uj\u00ed specifika pacienta a jeho probl\u00e9m\u016f.<\/p>\n<p>Modern\u00ed technologie, nap\u0159\u00edklad biomechanick\u00e9 anal\u00fdzy pohybu nebo digitalizovan\u00e9 diagnostick\u00e9 n\u00e1stroje, umo\u017e\u0148uj\u00ed l\u00e9ka\u0159\u016fm p\u0159esn\u011bj\u0161\u00ed stanoven\u00ed p\u0159\u00ed\u010din bolest\u00ed a c\u00edlen\u011bj\u0161\u00ed terapii. V\u00fdsledkem je vy\u0161\u0161\u00ed \u00fasp\u011b\u0161nost l\u00e9\u010dby, dlouhodob\u00e1 stabilita a prevence relaps\u016f.<\/p>\n<\/div>\n<div class=\"section\">\n<h2>Zku\u0161enosti a d\u016fv\u011bryhodnost profesion\u00e1l\u016f v oboru<\/h2>\n<p>V posledn\u00edch letech se st\u00e1le v\u011bt\u0161\u00ed pozornost v\u011bnuje d\u016fv\u011bryhodn\u00e9mu zdroji informac\u00ed a certifikovan\u00fdm technik\u00e1m. Odborn\u00e9 kliniky, kter\u00e9 kombinuj\u00ed nejnov\u011bj\u0161\u00ed technologie s osv\u011bd\u010den\u00fdmi metodami, jsou kl\u00ed\u010dem k \u00fasp\u011bchu. Jedn\u00edm z p\u0159\u00edklad\u016f takov\u00e9 platformy je <a href=\"https:\/\/www.spinaura.co.cz\/\">spinaura.co.cz<\/a>, je\u017e nab\u00edz\u00ed komplexn\u00ed informace o sou\u010dasn\u00fdch p\u0159\u00edstupech v l\u00e9\u010db\u011b degenerativn\u00edch zm\u011bn a bolest\u00ed p\u00e1te\u0159e, v\u010detn\u011b rehabilita\u010dn\u00edch program\u016f, individu\u00e1ln\u00edch konzultac\u00ed a regenerativn\u00edch terapi\u00ed.<\/p>\n<p>Clinici a pacienti tak maj\u00ed p\u0159\u00edstup k ov\u011b\u0159en\u00fdm v\u011bdeck\u00fdm poznatk\u016fm, co\u017e podporuje transparentnost a d\u016fv\u011bryhodnost poskytovan\u00fdch slu\u017eeb. Tento typ modern\u00edho informa\u010dn\u00edho prost\u0159ed\u00ed je z\u00e1kladem pro efektivn\u00ed rozhodov\u00e1n\u00ed v komplexn\u00ed p\u00e9\u010di o pacienty trp\u00edc\u00ed chronick\u00fdmi bolestmi.<\/p>\n<\/div>\n<div class=\"section\">\n<h2>Budoucnost l\u00e9\u010dby a multidisciplin\u00e1rn\u00ed p\u0159\u00edstup<\/h2>\n<p>V\u00fdzkum a praxe ukazuj\u00ed, \u017ee budoucnost efektivn\u00ed l\u00e9\u010dby z\u00e1n\u011btliv\u00fdch a degenerativn\u00edch onemocn\u011bn\u00ed p\u00e1te\u0159e spo\u010d\u00edv\u00e1 v kombinaci inovativn\u00edch metod a interdisciplin\u00e1rn\u00edho p\u0159\u00edstupu. Fyzioterapie, regenerativn\u00ed medic\u00edna, farmakoterapie a modern\u00ed chirurgick\u00e9 techniky se vz\u00e1jemn\u011b dopl\u0148uj\u00ed, p\u0159i\u010dem\u017e kl\u00ed\u010dovou roli hraje individu\u00e1ln\u00ed hodnocen\u00ed pacienta a jeho \u017eivotn\u00edho stylu.<\/p>\n<p>Tato strategie umo\u017e\u0148uje nejen zm\u00edrn\u011bn\u00ed bolesti, ale i obnovu funkce a kvality \u017eivota na dlouhodob\u00e9 b\u00e1zi. V \u0161ir\u0161\u00edm kontextu je d\u016fle\u017eit\u00e9, aby pacienti m\u011bli p\u0159\u00edstup ke efektivn\u00ed informovanosti a odborn\u00e9mu veden\u00ed, co\u017e je p\u0159esn\u011b oblast\u00ed, na kter\u00e9 se zam\u011b\u0159uje web spinaura.co.cz.<\/p>\n<\/div>\n<h2>Z\u00e1v\u011br<\/h2>\n<p>Inovativn\u00ed p\u0159\u00edstupy v l\u00e9\u010db\u011b chronick\u00fdch bolest\u00ed p\u00e1te\u0159e p\u0159edstavuj\u00ed nad\u011bji nejen pro pacienty, ale i pro l\u00e9ka\u0159skou komunitu usiluj\u00edc\u00ed o efektivn\u011bj\u0161\u00ed a \u0161etrn\u011bj\u0161\u00ed metody. P\u0159\u00edstup zalo\u017een\u00fd na nejnov\u011bj\u0161\u00edch v\u011bdeck\u00fdch poznatc\u00edch a technologi\u00edch, v\u010detn\u011b regenerativn\u00ed medic\u00edny a personalizovan\u00e9 fyzioterapie, postupn\u011b m\u011bn\u00ed paradigmu l\u00e9\u010dby. Odborn\u00e9 zdroje jako spinaura.co.cz nejen\u017ee poskytuj\u00ed d\u016fv\u011bryhodn\u00e9 informace, ale tak\u00e9 podporuj\u00ed vzd\u011bl\u00e1v\u00e1n\u00ed a pokrok v p\u00e9\u010di o pacienty s chronick\u00fdmi probl\u00e9my p\u00e1te\u0159e.<\/p>\n","protected":false},"excerpt":{"rendered":"<p>Chronick\u00e9 bolesti p\u00e1te\u0159e p\u0159edstavuj\u00ed jeden z nejv\u00fdznamn\u011bj\u0161\u00edch medic\u00ednsk\u00fdch probl\u00e9m\u016f sou\u010dasnosti, ovliv\u0148uj\u00edc\u00ed miliony lid\u00ed po cel\u00e9m sv\u011bt\u011b. S rostouc\u00edm po\u010dtem pacient\u016f a jejich nar\u016fstaj\u00edc\u00edmi n\u00e1roky na kvalitu \u017eivota se l\u00e9ka\u0159i a v\u00fdzkumn\u00edci st\u00e1le v\u00edce obracej\u00ed k nov\u00fdm, pokro\u010dil\u00fdm metod\u00e1m l\u00e9\u010dby, kter\u00e9 slibuj\u00ed nejen symptomatickou \u00falevu, ale i dlouhodob\u00e9 \u0159e\u0161en\u00ed p\u0159\u00ed\u010din. V t\u00e9to souvislosti hraje d\u016fle\u017eitou roli [&hellip;]<\/p>\n","protected":false},"author":57,"featured_media":0,"comment_status":"closed","ping_status":"","sticky":false,"template":"","format":"standard","meta":{"footnotes":""},"categories":[],"tags":[],"class_list":["post-157344","post","type-post","status-publish","format-standard","hentry"],"yoast_head":"<!-- This site is optimized with the Yoast SEO plugin v17.7 - https:\/\/yoast.com\/wordpress\/plugins\/seo\/ -->\n<meta name=\"robots\" content=\"index, follow, max-snippet:-1, max-image-preview:large, max-video-preview:-1\" \/>\n<link rel=\"canonical\" href=\"https:\/\/www.gen-ethische-stiftung.de\/?p=157344\" \/>\n<meta property=\"og:locale\" content=\"en_US\" \/>\n<meta property=\"og:type\" content=\"article\" \/>\n<meta property=\"og:title\" content=\"Inovativn\u00ed p\u0159\u00edstupy v l\u00e9\u010db\u011b chronick\u00fdch bolest\u00ed p\u00e1te\u0159e -\" \/>\n<meta property=\"og:description\" content=\"Chronick\u00e9 bolesti p\u00e1te\u0159e p\u0159edstavuj\u00ed jeden z nejv\u00fdznamn\u011bj\u0161\u00edch medic\u00ednsk\u00fdch probl\u00e9m\u016f sou\u010dasnosti, ovliv\u0148uj\u00edc\u00ed miliony lid\u00ed po cel\u00e9m sv\u011bt\u011b. S rostouc\u00edm po\u010dtem pacient\u016f a jejich nar\u016fstaj\u00edc\u00edmi n\u00e1roky na kvalitu \u017eivota se l\u00e9ka\u0159i a v\u00fdzkumn\u00edci st\u00e1le v\u00edce obracej\u00ed k nov\u00fdm, pokro\u010dil\u00fdm metod\u00e1m l\u00e9\u010dby, kter\u00e9 slibuj\u00ed nejen symptomatickou \u00falevu, ale i dlouhodob\u00e9 \u0159e\u0161en\u00ed p\u0159\u00ed\u010din. V t\u00e9to souvislosti hraje d\u016fle\u017eitou roli [&hellip;]\" \/>\n<meta property=\"og:url\" content=\"https:\/\/www.gen-ethische-stiftung.de\/?p=157344\" \/>\n<meta property=\"article:published_time\" content=\"2025-09-04T12:05:11+00:00\" \/>\n<meta property=\"article:modified_time\" content=\"2026-09-04T10:05:12+00:00\" \/>\n<meta name=\"twitter:card\" content=\"summary\" \/>\n<meta name=\"twitter:label1\" content=\"Written by\" \/>\n\t<meta name=\"twitter:data1\" content=\"wordpress_1d9d73dafc30\" \/>\n\t<meta name=\"twitter:label2\" content=\"Est. reading time\" \/>\n\t<meta name=\"twitter:data2\" content=\"4 minutes\" \/>\n<script type=\"application\/ld+json\" class=\"yoast-schema-graph\">{\"@context\":\"https:\/\/schema.org\",\"@graph\":[{\"@type\":\"WebSite\",\"@id\":\"https:\/\/www.gen-ethische-stiftung.de\/#website\",\"url\":\"https:\/\/www.gen-ethische-stiftung.de\/\",\"name\":\"\",\"description\":\"\",\"potentialAction\":[{\"@type\":\"SearchAction\",\"target\":{\"@type\":\"EntryPoint\",\"urlTemplate\":\"https:\/\/www.gen-ethische-stiftung.de\/?s={search_term_string}\"},\"query-input\":\"required name=search_term_string\"}],\"inLanguage\":\"en-US\"},{\"@type\":\"WebPage\",\"@id\":\"https:\/\/www.gen-ethische-stiftung.de\/?p=157344#webpage\",\"url\":\"https:\/\/www.gen-ethische-stiftung.de\/?p=157344\",\"name\":\"Inovativn\\u00ed p\\u0159\\u00edstupy v l\\u00e9\\u010db\\u011b chronick\\u00fdch bolest\\u00ed p\\u00e1te\\u0159e -\",\"isPartOf\":{\"@id\":\"https:\/\/www.gen-ethische-stiftung.de\/#website\"},\"datePublished\":\"2025-09-04T12:05:11+00:00\",\"dateModified\":\"2026-09-04T10:05:12+00:00\",\"author\":{\"@id\":\"https:\/\/www.gen-ethische-stiftung.de\/#\/schema\/person\/983704f6819bdb05aea5a26d35c78e39\"},\"breadcrumb\":{\"@id\":\"https:\/\/www.gen-ethische-stiftung.de\/?p=157344#breadcrumb\"},\"inLanguage\":\"en-US\",\"potentialAction\":[{\"@type\":\"ReadAction\",\"target\":[\"https:\/\/www.gen-ethische-stiftung.de\/?p=157344\"]}]},{\"@type\":\"BreadcrumbList\",\"@id\":\"https:\/\/www.gen-ethische-stiftung.de\/?p=157344#breadcrumb\",\"itemListElement\":[{\"@type\":\"ListItem\",\"position\":1,\"name\":\"Home\",\"item\":\"https:\/\/www.gen-ethische-stiftung.de\/\"},{\"@type\":\"ListItem\",\"position\":2,\"name\":\"Inovativn\\u00ed p\\u0159\\u00edstupy v l\\u00e9\\u010db\\u011b chronick\\u00fdch bolest\\u00ed p\\u00e1te\\u0159e\"}]},{\"@type\":\"Person\",\"@id\":\"https:\/\/www.gen-ethische-stiftung.de\/#\/schema\/person\/983704f6819bdb05aea5a26d35c78e39\",\"name\":\"wordpress_1d9d73dafc30\",\"url\":\"https:\/\/www.gen-ethische-stiftung.de\/?author=57\"}]}<\/script>\n<!-- \/ Yoast SEO plugin. -->","yoast_head_json":{"robots":{"index":"index","follow":"follow","max-snippet":"max-snippet:-1","max-image-preview":"max-image-preview:large","max-video-preview":"max-video-preview:-1"},"canonical":"https:\/\/www.gen-ethische-stiftung.de\/?p=157344","og_locale":"en_US","og_type":"article","og_title":"Inovativn\u00ed p\u0159\u00edstupy v l\u00e9\u010db\u011b chronick\u00fdch bolest\u00ed p\u00e1te\u0159e -","og_description":"Chronick\u00e9 bolesti p\u00e1te\u0159e p\u0159edstavuj\u00ed jeden z nejv\u00fdznamn\u011bj\u0161\u00edch medic\u00ednsk\u00fdch probl\u00e9m\u016f sou\u010dasnosti, ovliv\u0148uj\u00edc\u00ed miliony lid\u00ed po cel\u00e9m sv\u011bt\u011b. S rostouc\u00edm po\u010dtem pacient\u016f a jejich nar\u016fstaj\u00edc\u00edmi n\u00e1roky na kvalitu \u017eivota se l\u00e9ka\u0159i a v\u00fdzkumn\u00edci st\u00e1le v\u00edce obracej\u00ed k nov\u00fdm, pokro\u010dil\u00fdm metod\u00e1m l\u00e9\u010dby, kter\u00e9 slibuj\u00ed nejen symptomatickou \u00falevu, ale i dlouhodob\u00e9 \u0159e\u0161en\u00ed p\u0159\u00ed\u010din. V t\u00e9to souvislosti hraje d\u016fle\u017eitou roli [&hellip;]","og_url":"https:\/\/www.gen-ethische-stiftung.de\/?p=157344","article_published_time":"2025-09-04T12:05:11+00:00","article_modified_time":"2026-09-04T10:05:12+00:00","twitter_card":"summary","twitter_misc":{"Written by":"wordpress_1d9d73dafc30","Est. reading time":"4 minutes"},"schema":{"@context":"https:\/\/schema.org","@graph":[{"@type":"WebSite","@id":"https:\/\/www.gen-ethische-stiftung.de\/#website","url":"https:\/\/www.gen-ethische-stiftung.de\/","name":"","description":"","potentialAction":[{"@type":"SearchAction","target":{"@type":"EntryPoint","urlTemplate":"https:\/\/www.gen-ethische-stiftung.de\/?s={search_term_string}"},"query-input":"required name=search_term_string"}],"inLanguage":"en-US"},{"@type":"WebPage","@id":"https:\/\/www.gen-ethische-stiftung.de\/?p=157344#webpage","url":"https:\/\/www.gen-ethische-stiftung.de\/?p=157344","name":"Inovativn\u00ed p\u0159\u00edstupy v l\u00e9\u010db\u011b chronick\u00fdch bolest\u00ed p\u00e1te\u0159e -","isPartOf":{"@id":"https:\/\/www.gen-ethische-stiftung.de\/#website"},"datePublished":"2025-09-04T12:05:11+00:00","dateModified":"2026-09-04T10:05:12+00:00","author":{"@id":"https:\/\/www.gen-ethische-stiftung.de\/#\/schema\/person\/983704f6819bdb05aea5a26d35c78e39"},"breadcrumb":{"@id":"https:\/\/www.gen-ethische-stiftung.de\/?p=157344#breadcrumb"},"inLanguage":"en-US","potentialAction":[{"@type":"ReadAction","target":["https:\/\/www.gen-ethische-stiftung.de\/?p=157344"]}]},{"@type":"BreadcrumbList","@id":"https:\/\/www.gen-ethische-stiftung.de\/?p=157344#breadcrumb","itemListElement":[{"@type":"ListItem","position":1,"name":"Home","item":"https:\/\/www.gen-ethische-stiftung.de\/"},{"@type":"ListItem","position":2,"name":"Inovativn\u00ed p\u0159\u00edstupy v l\u00e9\u010db\u011b chronick\u00fdch bolest\u00ed p\u00e1te\u0159e"}]},{"@type":"Person","@id":"https:\/\/www.gen-ethische-stiftung.de\/#\/schema\/person\/983704f6819bdb05aea5a26d35c78e39","name":"wordpress_1d9d73dafc30","url":"https:\/\/www.gen-ethische-stiftung.de\/?author=57"}]}},"_links":{"self":[{"href":"https:\/\/www.gen-ethische-stiftung.de\/index.php?rest_route=\/wp\/v2\/posts\/157344","targetHints":{"allow":["GET"]}}],"collection":[{"href":"https:\/\/www.gen-ethische-stiftung.de\/index.php?rest_route=\/wp\/v2\/posts"}],"about":[{"href":"https:\/\/www.gen-ethische-stiftung.de\/index.php?rest_route=\/wp\/v2\/types\/post"}],"author":[{"embeddable":true,"href":"https:\/\/www.gen-ethische-stiftung.de\/index.php?rest_route=\/wp\/v2\/users\/57"}],"replies":[{"embeddable":true,"href":"https:\/\/www.gen-ethische-stiftung.de\/index.php?rest_route=%2Fwp%2Fv2%2Fcomments&post=157344"}],"version-history":[{"count":0,"href":"https:\/\/www.gen-ethische-stiftung.de\/index.php?rest_route=\/wp\/v2\/posts\/157344\/revisions"}],"wp:attachment":[{"href":"https:\/\/www.gen-ethische-stiftung.de\/index.php?rest_route=%2Fwp%2Fv2%2Fmedia&parent=157344"}],"wp:term":[{"taxonomy":"category","embeddable":true,"href":"https:\/\/www.gen-ethische-stiftung.de\/index.php?rest_route=%2Fwp%2Fv2%2Fcategories&post=157344"},{"taxonomy":"post_tag","embeddable":true,"href":"https:\/\/www.gen-ethische-stiftung.de\/index.php?rest_route=%2Fwp%2Fv2%2Ftags&post=157344"}],"curies":[{"name":"wp","href":"https:\/\/api.w.org\/{rel}","templated":true}]}}