{"id":158283,"date":"2025-09-04T19:03:58","date_gmt":"2025-09-04T19:03:58","guid":{"rendered":"https:\/\/www.gen-ethische-stiftung.de\/?p=158283"},"modified":"2026-09-04T17:03:59","modified_gmt":"2026-09-04T17:03:59","slug":"la-croissance-exponentielle-de-la-consommation-de-plastique-notamment-dans-le-secteur-de-l-emballag","status":"publish","type":"post","link":"https:\/\/www.gen-ethische-stiftung.de\/?p=158283","title":{"rendered":"La croissance exponentielle de la consommation de plastique, notamment dans le secteur de l\u2019emballag"},"content":{"rendered":"<article>\n<h2>Introduction : L&#8217;Enjeu Mondial de la Gestion des D\u00e9chets Plastiques<\/h2>\n<p>\n    La croissance exponentielle de la consommation de plastique, notamment dans le secteur de l\u2019emballage, pose un d\u00e9fi environnemental majeur. Selon un rapport de l&#8217;<em>Agence Europ\u00e9enne pour l\u2019Environnement<\/em>, plus de 100 millions de tonnes de d\u00e9chets plastiques sont produits chaque ann\u00e9e en Europe, dont une majorit\u00e9 finit dans les oc\u00e9ans ou dans les d\u00e9charges en raison du manque de solutions de recyclage efficaces. Face \u00e0 cette crise, l&#8217;industrie cherche de nouvelles strat\u00e9gies alliant innovation technologique et responsabilit\u00e9 \u00e9cologique.\n  <\/p>\n<h2>Les Innovations Technologiques pour un Recyclage Plus Efficace<\/h2>\n<p>\n    Les progr\u00e8s r\u00e9cents dans le domaine du traitement des plastiques reposent sur des techniques avanc\u00e9es, telles que la <strong>pyrolyse<\/strong> et la <strong>recyclabilit\u00e9 chimique<\/strong>, permettant de transformer les d\u00e9chets en mati\u00e8res premi\u00e8res de qualit\u00e9 industrielle. Par exemple, la plateforme <em>Morospin<\/em> offre des solutions innovantes pour la s\u00e9paration et la valorisation des plastiques composites, en utilisant des proc\u00e9d\u00e9s mecatroniques pr\u00e9cis qui optimisent la r\u00e9cup\u00e9ration de mat\u00e9riaux.\n  <\/p>\n<p>\n    Une \u00e9tude men\u00e9e par le <em>Centre europ\u00e9en de recyclage<\/em> a d\u00e9montr\u00e9 que ces m\u00e9thodes peuvent augmenter le taux de recyclabilit\u00e9 de certains plastiques jusqu\u2019\u00e0 95%, un chiffre sup\u00e9rieur aux technologies m\u00e9caniques classiques, souvent limit\u00e9es \u00e0 70%. La bonne nouvelle : ces progr\u00e8s favorisent le d\u00e9veloppement d\u2019un v\u00e9ritable cycle de vie pour les emballages, diminuant leur empreinte environnementale.\n  <\/p>\n<h2>Le R\u00f4le de la Transparence dans l\u2019\u00c9conomie Circulaire<\/h2>\n<p>\n    La transparence tout au long de la cha\u00eene de valeur est essentielle pour b\u00e2tir la confiance des consommateurs et des partenaires industriels. C\u2019est dans ce contexte qu\u2019intervient la plateforme <a href=\"https:\/\/www.morospin-enligne.fr\/furfr\/\"><strong>https:\/\/www.morospin-enligne.fr\/furfr<\/strong><\/a>, qui fournit des ressources d\u00e9taill\u00e9es sur les processus de recyclage des plastiques, notamment la s\u00e9paration optimis\u00e9e des mati\u00e8res premi\u00e8res et les solutions pour int\u00e9grer ces proc\u00e9d\u00e9s \u00e0 grande \u00e9chelle.\n  <\/p>\n<blockquote><p>\n    &#8220;Une information claire, appuy\u00e9e par des technologies avanc\u00e9es, est la cl\u00e9 pour transformer l\u2019industrie des emballages plastiques en une fili\u00e8re v\u00e9ritablement durable.&#8221; \u2014 Expert en gestion des d\u00e9chets plastiques\n  <\/p><\/blockquote>\n<h2>Exemples Concrets et Industrie 4.0<\/h2>\n<p>\n    La synergie entre innovation technologique et digitalisation permet de suivre en temps r\u00e9el la tra\u00e7abilit\u00e9 des plastiques recycl\u00e9s. Certains leaders du march\u00e9, comme l\u2019entreprise <em>EcoCycle<\/em>, int\u00e8grent des syst\u00e8mes intelligents bas\u00e9s sur l\u2019<em>Internet des Objets<\/em> (IoT) pour optimiser leurs processus de tri et de valorisation. Leur partenariat avec des experts en traitement, notamment ceux r\u00e9f\u00e9renc\u00e9s dans <a href=\"https:\/\/www.morospin-enligne.fr\/furfr\"><strong>ce site<\/strong><\/a>, illustre une d\u00e9marche proactive pour r\u00e9duire l\u2019impact environnemental de leurs emballages.\n  <\/p>\n<table>\n<caption style=\"margin-bottom: 1rem;\">Comparaison des Technologies de Recyclage<\/caption>\n<thead>\n<tr>\n<th>Technologie<\/th>\n<th>Avantages<\/th>\n<th>Inconv\u00e9nients<\/th>\n<th>Applicabilit\u00e9<\/th>\n<\/tr>\n<\/thead>\n<tbody>\n<tr>\n<td>Recyclage m\u00e9canique<\/td>\n<td>Simple, \u00e9conomique<\/td>\n<td>Limit\u00e9e \u00e0 certains plastiques; perte de qualit\u00e9<\/td>\n<td>Emballages mono-mat\u00e9riaux<\/td>\n<\/tr>\n<tr>\n<td>Recyclage chimique<\/td>\n<td>Qualit\u00e9 \u00e9quivalente \u00e0 la mati\u00e8re premi\u00e8re neuve<\/td>\n<td>Co\u00fbt \u00e9lev\u00e9, \u00e9nergie intensive<\/td>\n<td>Plastiques composites complexes<\/td>\n<\/tr>\n<tr>\n<td>Pyrolyse<\/td>\n<td>Transformation en huile, char, gaz<\/td>\n<td>Impacts environnementaux si mal contr\u00f4l\u00e9<\/td>\n<td>D\u00e9chets plastiques non recyclables<\/td>\n<\/tr>\n<\/tbody>\n<\/table>\n<h2>Perspectives et Engagements Industriels<\/h2>\n<p>\n    L&#8217;int\u00e9gration de ces technologies dans un mod\u00e8le d&#8217;\u00e9conomie circulaire exige une collaboration \u00e9troite entre les fabricants, les recycleurs et les chercheurs. La r\u00e9glementation, notamment \u00e0 travers la directive europ\u00e9enne sur les plastiques \u00e0 usage unique, encourage cette transition en imposant des objectifs de recyclage obligatoires. Par ailleurs, les consommateurs jouent aussi un r\u00f4le essentiel, en privil\u00e9giant les produits issus de fili\u00e8res responsables r\u00e9f\u00e9renc\u00e9es sur des plateformes telles que <a href=\"https:\/\/www.morospin-enligne.fr\/furfr\">https:\/\/www.morospin-enligne.fr\/furfr<\/a>.\n  <\/p>\n<p>\n    En d\u00e9finitive, la cl\u00e9 pour transformer la gestion des emballages plastiques r\u00e9side dans l\u2019adoption de technologies transformatrices et dans la transparence de l\u2019ensemble du processus.\n  <\/p>\n<\/article>\n","protected":false},"excerpt":{"rendered":"<p>Introduction : L&#8217;Enjeu Mondial de la Gestion des D\u00e9chets Plastiques La croissance exponentielle de la consommation de plastique, notamment dans le secteur de l\u2019emballage, pose un d\u00e9fi environnemental majeur. Selon un rapport de l&#8217;Agence Europ\u00e9enne pour l\u2019Environnement, plus de 100 millions de tonnes de d\u00e9chets plastiques sont produits chaque ann\u00e9e en Europe, dont une majorit\u00e9 [&hellip;]<\/p>\n","protected":false},"author":57,"featured_media":0,"comment_status":"closed","ping_status":"","sticky":false,"template":"","format":"standard","meta":{"footnotes":""},"categories":[],"tags":[],"class_list":["post-158283","post","type-post","status-publish","format-standard","hentry"],"yoast_head":"<!-- This site is optimized with the Yoast SEO plugin v17.7 - https:\/\/yoast.com\/wordpress\/plugins\/seo\/ -->\n<meta name=\"robots\" content=\"index, follow, max-snippet:-1, max-image-preview:large, max-video-preview:-1\" \/>\n<link rel=\"canonical\" href=\"https:\/\/www.gen-ethische-stiftung.de\/?p=158283\" \/>\n<meta property=\"og:locale\" content=\"en_US\" \/>\n<meta property=\"og:type\" content=\"article\" \/>\n<meta property=\"og:title\" content=\"La croissance exponentielle de la consommation de plastique, notamment dans le secteur de l\u2019emballag -\" \/>\n<meta property=\"og:description\" content=\"Introduction : L&#8217;Enjeu Mondial de la Gestion des D\u00e9chets Plastiques La croissance exponentielle de la consommation de plastique, notamment dans le secteur de l\u2019emballage, pose un d\u00e9fi environnemental majeur. Selon un rapport de l&#8217;Agence Europ\u00e9enne pour l\u2019Environnement, plus de 100 millions de tonnes de d\u00e9chets plastiques sont produits chaque ann\u00e9e en Europe, dont une majorit\u00e9 [&hellip;]\" \/>\n<meta property=\"og:url\" content=\"https:\/\/www.gen-ethische-stiftung.de\/?p=158283\" \/>\n<meta property=\"article:published_time\" content=\"2025-09-04T19:03:58+00:00\" \/>\n<meta property=\"article:modified_time\" content=\"2026-09-04T17:03:59+00:00\" \/>\n<meta name=\"twitter:card\" content=\"summary\" \/>\n<meta name=\"twitter:label1\" content=\"Written by\" \/>\n\t<meta name=\"twitter:data1\" content=\"wordpress_1d9d73dafc30\" \/>\n\t<meta name=\"twitter:label2\" content=\"Est. reading time\" \/>\n\t<meta name=\"twitter:data2\" content=\"3 minutes\" \/>\n<script type=\"application\/ld+json\" class=\"yoast-schema-graph\">{\"@context\":\"https:\/\/schema.org\",\"@graph\":[{\"@type\":\"WebSite\",\"@id\":\"https:\/\/www.gen-ethische-stiftung.de\/#website\",\"url\":\"https:\/\/www.gen-ethische-stiftung.de\/\",\"name\":\"\",\"description\":\"\",\"potentialAction\":[{\"@type\":\"SearchAction\",\"target\":{\"@type\":\"EntryPoint\",\"urlTemplate\":\"https:\/\/www.gen-ethische-stiftung.de\/?s={search_term_string}\"},\"query-input\":\"required name=search_term_string\"}],\"inLanguage\":\"en-US\"},{\"@type\":\"WebPage\",\"@id\":\"https:\/\/www.gen-ethische-stiftung.de\/?p=158283#webpage\",\"url\":\"https:\/\/www.gen-ethische-stiftung.de\/?p=158283\",\"name\":\"La croissance exponentielle de la consommation de plastique, notamment dans le secteur de l\\u2019emballag -\",\"isPartOf\":{\"@id\":\"https:\/\/www.gen-ethische-stiftung.de\/#website\"},\"datePublished\":\"2025-09-04T19:03:58+00:00\",\"dateModified\":\"2026-09-04T17:03:59+00:00\",\"author\":{\"@id\":\"https:\/\/www.gen-ethische-stiftung.de\/#\/schema\/person\/983704f6819bdb05aea5a26d35c78e39\"},\"breadcrumb\":{\"@id\":\"https:\/\/www.gen-ethische-stiftung.de\/?p=158283#breadcrumb\"},\"inLanguage\":\"en-US\",\"potentialAction\":[{\"@type\":\"ReadAction\",\"target\":[\"https:\/\/www.gen-ethische-stiftung.de\/?p=158283\"]}]},{\"@type\":\"BreadcrumbList\",\"@id\":\"https:\/\/www.gen-ethische-stiftung.de\/?p=158283#breadcrumb\",\"itemListElement\":[{\"@type\":\"ListItem\",\"position\":1,\"name\":\"Home\",\"item\":\"https:\/\/www.gen-ethische-stiftung.de\/\"},{\"@type\":\"ListItem\",\"position\":2,\"name\":\"La croissance exponentielle de la consommation de plastique, notamment dans le secteur de l\\u2019emballag\"}]},{\"@type\":\"Person\",\"@id\":\"https:\/\/www.gen-ethische-stiftung.de\/#\/schema\/person\/983704f6819bdb05aea5a26d35c78e39\",\"name\":\"wordpress_1d9d73dafc30\",\"url\":\"https:\/\/www.gen-ethische-stiftung.de\/?author=57\"}]}<\/script>\n<!-- \/ Yoast SEO plugin. -->","yoast_head_json":{"robots":{"index":"index","follow":"follow","max-snippet":"max-snippet:-1","max-image-preview":"max-image-preview:large","max-video-preview":"max-video-preview:-1"},"canonical":"https:\/\/www.gen-ethische-stiftung.de\/?p=158283","og_locale":"en_US","og_type":"article","og_title":"La croissance exponentielle de la consommation de plastique, notamment dans le secteur de l\u2019emballag -","og_description":"Introduction : L&#8217;Enjeu Mondial de la Gestion des D\u00e9chets Plastiques La croissance exponentielle de la consommation de plastique, notamment dans le secteur de l\u2019emballage, pose un d\u00e9fi environnemental majeur. Selon un rapport de l&#8217;Agence Europ\u00e9enne pour l\u2019Environnement, plus de 100 millions de tonnes de d\u00e9chets plastiques sont produits chaque ann\u00e9e en Europe, dont une majorit\u00e9 [&hellip;]","og_url":"https:\/\/www.gen-ethische-stiftung.de\/?p=158283","article_published_time":"2025-09-04T19:03:58+00:00","article_modified_time":"2026-09-04T17:03:59+00:00","twitter_card":"summary","twitter_misc":{"Written by":"wordpress_1d9d73dafc30","Est. reading time":"3 minutes"},"schema":{"@context":"https:\/\/schema.org","@graph":[{"@type":"WebSite","@id":"https:\/\/www.gen-ethische-stiftung.de\/#website","url":"https:\/\/www.gen-ethische-stiftung.de\/","name":"","description":"","potentialAction":[{"@type":"SearchAction","target":{"@type":"EntryPoint","urlTemplate":"https:\/\/www.gen-ethische-stiftung.de\/?s={search_term_string}"},"query-input":"required name=search_term_string"}],"inLanguage":"en-US"},{"@type":"WebPage","@id":"https:\/\/www.gen-ethische-stiftung.de\/?p=158283#webpage","url":"https:\/\/www.gen-ethische-stiftung.de\/?p=158283","name":"La croissance exponentielle de la consommation de plastique, notamment dans le secteur de l\u2019emballag -","isPartOf":{"@id":"https:\/\/www.gen-ethische-stiftung.de\/#website"},"datePublished":"2025-09-04T19:03:58+00:00","dateModified":"2026-09-04T17:03:59+00:00","author":{"@id":"https:\/\/www.gen-ethische-stiftung.de\/#\/schema\/person\/983704f6819bdb05aea5a26d35c78e39"},"breadcrumb":{"@id":"https:\/\/www.gen-ethische-stiftung.de\/?p=158283#breadcrumb"},"inLanguage":"en-US","potentialAction":[{"@type":"ReadAction","target":["https:\/\/www.gen-ethische-stiftung.de\/?p=158283"]}]},{"@type":"BreadcrumbList","@id":"https:\/\/www.gen-ethische-stiftung.de\/?p=158283#breadcrumb","itemListElement":[{"@type":"ListItem","position":1,"name":"Home","item":"https:\/\/www.gen-ethische-stiftung.de\/"},{"@type":"ListItem","position":2,"name":"La croissance exponentielle de la consommation de plastique, notamment dans le secteur de l\u2019emballag"}]},{"@type":"Person","@id":"https:\/\/www.gen-ethische-stiftung.de\/#\/schema\/person\/983704f6819bdb05aea5a26d35c78e39","name":"wordpress_1d9d73dafc30","url":"https:\/\/www.gen-ethische-stiftung.de\/?author=57"}]}},"_links":{"self":[{"href":"https:\/\/www.gen-ethische-stiftung.de\/index.php?rest_route=\/wp\/v2\/posts\/158283","targetHints":{"allow":["GET"]}}],"collection":[{"href":"https:\/\/www.gen-ethische-stiftung.de\/index.php?rest_route=\/wp\/v2\/posts"}],"about":[{"href":"https:\/\/www.gen-ethische-stiftung.de\/index.php?rest_route=\/wp\/v2\/types\/post"}],"author":[{"embeddable":true,"href":"https:\/\/www.gen-ethische-stiftung.de\/index.php?rest_route=\/wp\/v2\/users\/57"}],"replies":[{"embeddable":true,"href":"https:\/\/www.gen-ethische-stiftung.de\/index.php?rest_route=%2Fwp%2Fv2%2Fcomments&post=158283"}],"version-history":[{"count":0,"href":"https:\/\/www.gen-ethische-stiftung.de\/index.php?rest_route=\/wp\/v2\/posts\/158283\/revisions"}],"wp:attachment":[{"href":"https:\/\/www.gen-ethische-stiftung.de\/index.php?rest_route=%2Fwp%2Fv2%2Fmedia&parent=158283"}],"wp:term":[{"taxonomy":"category","embeddable":true,"href":"https:\/\/www.gen-ethische-stiftung.de\/index.php?rest_route=%2Fwp%2Fv2%2Fcategories&post=158283"},{"taxonomy":"post_tag","embeddable":true,"href":"https:\/\/www.gen-ethische-stiftung.de\/index.php?rest_route=%2Fwp%2Fv2%2Ftags&post=158283"}],"curies":[{"name":"wp","href":"https:\/\/api.w.org\/{rel}","templated":true}]}}