{"id":161076,"date":"2025-09-05T20:29:15","date_gmt":"2025-09-05T20:29:15","guid":{"rendered":"https:\/\/www.gen-ethische-stiftung.de\/?p=161076"},"modified":"2026-09-05T18:29:16","modified_gmt":"2026-09-05T18:29:16","slug":"a-mezogazdasag-nem-volt-soha-annyira-osszetett-es-adaptiv-mint-napjainkban-az-inovaciok-kulonosen","status":"publish","type":"post","link":"https:\/\/www.gen-ethische-stiftung.de\/?p=161076","title":{"rendered":"A mez\u0151gazdas\u00e1g nem volt soha annyira \u00f6sszetett \u00e9s adapt\u00edv, mint napjainkban. Az inov\u00e1ci\u00f3k, k\u00fcl\u00f6n\u00f6sen"},"content":{"rendered":"<p><main style=\"max-width: 1100px; margin: auto; padding: 2em;\"><\/p>\n<section>\n<h2 style=\"color:#2c3e50;\">Bevezet\u00e9s: Az integr\u00e1lt \u00e1gak szerepe a modern gazd\u00e1lkod\u00e1sban<\/h2>\n<p>A mez\u0151gazdas\u00e1g nem volt soha annyira \u00f6sszetett \u00e9s adapt\u00edv, mint napjainkban. Az inov\u00e1ci\u00f3k, k\u00fcl\u00f6n\u00f6sen az adatalap\u00fa technol\u00f3gi\u00e1k, lehet\u0151v\u00e9 teszik a gazd\u00e1lkod\u00f3k sz\u00e1m\u00e1ra, hogy pontosabban, hat\u00e9konyabban \u00e9s fenntarthat\u00f3bban tervezz\u00e9k \u00e9s hajts\u00e1k v\u00e9gre munk\u00e1ikat. Ebben a dinamikus k\u00f6rnyezetben kiemelked\u0151 szerepet t\u00f6lt be a n\u00f6v\u00e9nytermeszt\u00e9s \u00e9s az \u00e1llatteny\u00e9szt\u00e9s szoros egy\u00fcttm\u0171k\u00f6d\u00e9se, ahol az adatvez\u00e9relt d\u00f6nt\u00e9shozatal kulcsfontoss\u00e1g\u00fa.<\/p>\n<\/section>\n<section>\n<h2 style=\"color:#2c3e50;\">Innovat\u00edv vet\u00e9si technol\u00f3gi\u00e1k: A j\u00f6v\u0151 mez\u0151gazdas\u00e1g\u00e1nak alapjai<\/h2>\n<p>Az agr\u00e1rtechnol\u00f3gia gyors fejl\u0151d\u00e9se lehet\u0151v\u00e9 teszi a gazd\u00e1lkod\u00f3k sz\u00e1m\u00e1ra, hogy a hagyom\u00e1nyos m\u00f3dszerekhez k\u00e9pest hat\u00e9konyabb \u00e9s prec\u00edzebb elj\u00e1r\u00e1sokat alkalmazzanak. A digit\u00e1lis eszk\u00f6z\u00f6k, p\u00e9ld\u00e1ul a GPS-alap\u00fa vet\u0151g\u00e9pek \u00e9s a m\u0171holdas fel\u00fcgyelet r\u00e1mutatnak arra, hogy a technol\u00f3gia milyen m\u00e9rt\u00e9kben n\u00f6velheti a term\u00e9shozamot.<\/p>\n<div class=\"accent\">\n<p><strong>Kimagasl\u00f3 p\u00e9lda:<\/strong> Egy 2022-es tanulm\u00e1ny szerint a prec\u00edzi\u00f3s vet\u00e9s n\u00f6velte a kukorica hozam\u00e1t \u00e1tlagosan 15%-kal azokon a f\u00f6ldter\u00fcleteken, ahol a technol\u00f3gia haszn\u00e1latba ker\u00fclt (forr\u00e1s: <a href=\"https:\/\/www.betalice-magyar.com\/\">https:\/\/www.betalice-magyar.com\/<\/a>).<\/p>\n<\/div>\n<h2 style=\"color:#2c3e50;\">A Betal\u00edce Magyar szerepe az adatvezetett gazd\u00e1lkod\u00e1sban<\/h2>\n<p>A Betal\u00edce Magyar speci\u00e1lis adatalap\u00fa megold\u00e1sokat k\u00edn\u00e1l az integr\u00e1lt gazd\u00e1lkod\u00e1shoz, els\u0151sorban a n\u00f6v\u00e9ny- \u00e9s \u00e1llatteny\u00e9szt\u00e9si folyamatok szinergi\u00e1j\u00e1ra f\u00f3kusz\u00e1lva. Szolg\u00e1ltat\u00e1sai r\u00e9v\u00e9n a gazd\u00e1lkod\u00f3k naprak\u00e9sz inform\u00e1ci\u00f3kkal rendelkeznek az id\u0151sorokr\u00f3l, talajmin\u0151s\u00e9gr\u0151l \u00e9s az \u00e1llati eg\u00e9szs\u00e9gr\u0151l, \u00edgy hat\u00e9konyabb\u00e1 t\u00e9ve a d\u00f6nt\u00e9shozatalt.<\/p>\n<p>A https:\/\/www.betalice-magyar.com\/ oldal p\u00e9ld\u00e1ul a leg\u00fajabb szenzor-technol\u00f3gi\u00e1kat \u00e9s adatfeldolgoz\u00f3 rendszereket integr\u00e1lja, lehet\u0151v\u00e9 t\u00e9ve a gazd\u00e1k sz\u00e1m\u00e1ra, hogy a val\u00f3s idej\u0171 adatokra alapozva jav\u00edts\u00e1k vet\u00e9si \u00e9s takarm\u00e1nyoz\u00e1si strat\u00e9gi\u00e1ikat.<\/p>\n<\/section>\n<section>\n<h2 style=\"color:#2c3e50;\">Adatok \u00e9s technol\u00f3gia: A z\u00f6ld j\u00f6v\u0151 z\u00e1loga<\/h2>\n<table>\n<tr>\n<th>Technol\u00f3gia<\/th>\n<th>El\u0151ny<\/th>\n<th>P\u00e9lda<\/th>\n<\/tr>\n<tr>\n<td>GPS alap\u00fa vet\u00e9s<\/td>\n<td>Prec\u00edzi\u00f3s elhelyez\u00e9s, cs\u00f6kkentett input-k\u00f6lts\u00e9g<\/td>\n<td>Cs\u00f6kkentett vet\u0151mag fogyaszt\u00e1s, n\u00f6veked\u00e9si egyenletess\u00e9g<\/td>\n<\/tr>\n<tr>\n<td>Talaj- \u00e9s n\u00f6v\u00e9ny\u00e1llapot szenzorok<\/td>\n<td>Id\u0151ben reag\u00e1l\u00f3 gazd\u00e1lkod\u00e1s<\/td>\n<td>Val\u00f3s idej\u0171 t\u00e1pelem-ig\u00e9ny, betegs\u00e9gmegel\u0151z\u00e9s<\/td>\n<\/tr>\n<tr>\n<td>AI-alap\u00fa adatfeldolgoz\u00e1s<\/td>\n<td>Optimaliz\u00e1lt d\u00f6nt\u00e9shozatal<\/td>\n<td>Automatiz\u00e1lt kal\u00e1szf\u00e1zis-elemz\u00e9s, term\u00e9shozam-el\u0151rejelz\u00e9s<\/td>\n<\/tr>\n<\/table>\n<p>A technol\u00f3giai integr\u00e1ci\u00f3, mint amit a Betal\u00edce Magyar k\u00edn\u00e1l, a fenntarthat\u00f3 gazd\u00e1lkod\u00e1s egyszer\u0171s\u00edtett \u00fatj\u00e1v\u00e1 v\u00e1lhat, ahol az adatok szinergi\u00e1ban \u00e1llnak a gyakorlati tapasztalatokkal.<\/p>\n<\/section>\n<section>\n<h2 style=\"color:#2c3e50;\">K\u00f6vetkeztet\u00e9s: A tud\u00e1salap\u00fa mez\u0151gazdas\u00e1g elix\u00edrje<\/h2>\n<blockquote>\n<p>\u201eAz innov\u00e1ci\u00f3 nem csak a technol\u00f3gi\u00e1ban rejlik, hanem az adatkommunik\u00e1ci\u00f3ban is, amely \u00f6sszek\u00f6ti a gazd\u00e1lkod\u00f3k tapasztalatait \u00e9s a modern tudom\u00e1nyos eredm\u00e9nyeket.\u201d \u2013 Dr. Kov\u00e1cs \u00c1d\u00e1m, mez\u0151gazdas\u00e1gi szak\u00e9rt\u0151<\/p>\n<\/blockquote>\n<p>A modern mez\u0151gazdas\u00e1g egyik legnagyobb kih\u00edv\u00e1sa \u00e9s egyben lehet\u0151s\u00e9ge az adatalap\u00fa d\u00f6nt\u00e9shozatal sz\u00e9les k\u00f6r\u0171 alkalmaz\u00e1sa. Az olyan innovat\u00edv megold\u00e1sok, mint amilyeneket a https:\/\/www.betalice-magyar.com\/, kulcsfontoss\u00e1g\u00fa szerepet t\u00f6ltenek be a fenntarthat\u00f3, hat\u00e9kony \u00e9s j\u00f6vedelmez\u0151 gazd\u00e1lkod\u00e1si strat\u00e9gi\u00e1k kialak\u00edt\u00e1s\u00e1ban.<\/p>\n<p>Az olyan platformok \u00e9s rendszerek, amelyek k\u00e9pesek \u00f6sszegy\u0171jteni, analiz\u00e1lni \u00e9s \u00e9rtelmezni az adatokat, biztos\u00edtva a gazd\u00e1lkod\u00f3knak az el\u0151nyt a glob\u00e1lis piacon. Ez a j\u00f6v\u0151 mez\u0151gazdas\u00e1ga: tud\u00e1s \u00e9s technol\u00f3gia k\u00e9z a k\u00e9zben az \u00e9p\u00edtett \u00e9s term\u00e9szetes k\u00f6rnyezet fenntarthat\u00f3 gazd\u00e1lkod\u00e1sa \u00e9rdek\u00e9ben.<\/p>\n<\/section>\n<p><\/main><\/p>\n","protected":false},"excerpt":{"rendered":"<p>Bevezet\u00e9s: Az integr\u00e1lt \u00e1gak szerepe a modern gazd\u00e1lkod\u00e1sban A mez\u0151gazdas\u00e1g nem volt soha annyira \u00f6sszetett \u00e9s adapt\u00edv, mint napjainkban. Az inov\u00e1ci\u00f3k, k\u00fcl\u00f6n\u00f6sen az adatalap\u00fa technol\u00f3gi\u00e1k, lehet\u0151v\u00e9 teszik a gazd\u00e1lkod\u00f3k sz\u00e1m\u00e1ra, hogy pontosabban, hat\u00e9konyabban \u00e9s fenntarthat\u00f3bban tervezz\u00e9k \u00e9s hajts\u00e1k v\u00e9gre munk\u00e1ikat. Ebben a dinamikus k\u00f6rnyezetben kiemelked\u0151 szerepet t\u00f6lt be a n\u00f6v\u00e9nytermeszt\u00e9s \u00e9s az \u00e1llatteny\u00e9szt\u00e9s szoros egy\u00fcttm\u0171k\u00f6d\u00e9se, [&hellip;]<\/p>\n","protected":false},"author":57,"featured_media":0,"comment_status":"closed","ping_status":"","sticky":false,"template":"","format":"standard","meta":{"footnotes":""},"categories":[],"tags":[],"class_list":["post-161076","post","type-post","status-publish","format-standard","hentry"],"yoast_head":"<!-- This site is optimized with the Yoast SEO plugin v17.7 - https:\/\/yoast.com\/wordpress\/plugins\/seo\/ -->\n<meta name=\"robots\" content=\"index, follow, max-snippet:-1, max-image-preview:large, max-video-preview:-1\" \/>\n<link rel=\"canonical\" href=\"https:\/\/www.gen-ethische-stiftung.de\/?p=161076\" \/>\n<meta property=\"og:locale\" content=\"en_US\" \/>\n<meta property=\"og:type\" content=\"article\" \/>\n<meta property=\"og:title\" content=\"A mez\u0151gazdas\u00e1g nem volt soha annyira \u00f6sszetett \u00e9s adapt\u00edv, mint napjainkban. Az inov\u00e1ci\u00f3k, k\u00fcl\u00f6n\u00f6sen -\" \/>\n<meta property=\"og:description\" content=\"Bevezet\u00e9s: Az integr\u00e1lt \u00e1gak szerepe a modern gazd\u00e1lkod\u00e1sban A mez\u0151gazdas\u00e1g nem volt soha annyira \u00f6sszetett \u00e9s adapt\u00edv, mint napjainkban. Az inov\u00e1ci\u00f3k, k\u00fcl\u00f6n\u00f6sen az adatalap\u00fa technol\u00f3gi\u00e1k, lehet\u0151v\u00e9 teszik a gazd\u00e1lkod\u00f3k sz\u00e1m\u00e1ra, hogy pontosabban, hat\u00e9konyabban \u00e9s fenntarthat\u00f3bban tervezz\u00e9k \u00e9s hajts\u00e1k v\u00e9gre munk\u00e1ikat. Ebben a dinamikus k\u00f6rnyezetben kiemelked\u0151 szerepet t\u00f6lt be a n\u00f6v\u00e9nytermeszt\u00e9s \u00e9s az \u00e1llatteny\u00e9szt\u00e9s szoros egy\u00fcttm\u0171k\u00f6d\u00e9se, [&hellip;]\" \/>\n<meta property=\"og:url\" content=\"https:\/\/www.gen-ethische-stiftung.de\/?p=161076\" \/>\n<meta property=\"article:published_time\" content=\"2025-09-05T20:29:15+00:00\" \/>\n<meta property=\"article:modified_time\" content=\"2026-09-05T18:29:16+00:00\" \/>\n<meta name=\"twitter:card\" content=\"summary\" \/>\n<meta name=\"twitter:label1\" content=\"Written by\" \/>\n\t<meta name=\"twitter:data1\" content=\"wordpress_1d9d73dafc30\" \/>\n\t<meta name=\"twitter:label2\" content=\"Est. reading time\" \/>\n\t<meta name=\"twitter:data2\" content=\"3 minutes\" \/>\n<script type=\"application\/ld+json\" class=\"yoast-schema-graph\">{\"@context\":\"https:\/\/schema.org\",\"@graph\":[{\"@type\":\"WebSite\",\"@id\":\"https:\/\/www.gen-ethische-stiftung.de\/#website\",\"url\":\"https:\/\/www.gen-ethische-stiftung.de\/\",\"name\":\"\",\"description\":\"\",\"potentialAction\":[{\"@type\":\"SearchAction\",\"target\":{\"@type\":\"EntryPoint\",\"urlTemplate\":\"https:\/\/www.gen-ethische-stiftung.de\/?s={search_term_string}\"},\"query-input\":\"required name=search_term_string\"}],\"inLanguage\":\"en-US\"},{\"@type\":\"WebPage\",\"@id\":\"https:\/\/www.gen-ethische-stiftung.de\/?p=161076#webpage\",\"url\":\"https:\/\/www.gen-ethische-stiftung.de\/?p=161076\",\"name\":\"A mez\\u0151gazdas\\u00e1g nem volt soha annyira \\u00f6sszetett \\u00e9s adapt\\u00edv, mint napjainkban. Az inov\\u00e1ci\\u00f3k, k\\u00fcl\\u00f6n\\u00f6sen -\",\"isPartOf\":{\"@id\":\"https:\/\/www.gen-ethische-stiftung.de\/#website\"},\"datePublished\":\"2025-09-05T20:29:15+00:00\",\"dateModified\":\"2026-09-05T18:29:16+00:00\",\"author\":{\"@id\":\"https:\/\/www.gen-ethische-stiftung.de\/#\/schema\/person\/983704f6819bdb05aea5a26d35c78e39\"},\"breadcrumb\":{\"@id\":\"https:\/\/www.gen-ethische-stiftung.de\/?p=161076#breadcrumb\"},\"inLanguage\":\"en-US\",\"potentialAction\":[{\"@type\":\"ReadAction\",\"target\":[\"https:\/\/www.gen-ethische-stiftung.de\/?p=161076\"]}]},{\"@type\":\"BreadcrumbList\",\"@id\":\"https:\/\/www.gen-ethische-stiftung.de\/?p=161076#breadcrumb\",\"itemListElement\":[{\"@type\":\"ListItem\",\"position\":1,\"name\":\"Home\",\"item\":\"https:\/\/www.gen-ethische-stiftung.de\/\"},{\"@type\":\"ListItem\",\"position\":2,\"name\":\"A mez\\u0151gazdas\\u00e1g nem volt soha annyira \\u00f6sszetett \\u00e9s adapt\\u00edv, mint napjainkban. Az inov\\u00e1ci\\u00f3k, k\\u00fcl\\u00f6n\\u00f6sen\"}]},{\"@type\":\"Person\",\"@id\":\"https:\/\/www.gen-ethische-stiftung.de\/#\/schema\/person\/983704f6819bdb05aea5a26d35c78e39\",\"name\":\"wordpress_1d9d73dafc30\",\"url\":\"https:\/\/www.gen-ethische-stiftung.de\/?author=57\"}]}<\/script>\n<!-- \/ Yoast SEO plugin. -->","yoast_head_json":{"robots":{"index":"index","follow":"follow","max-snippet":"max-snippet:-1","max-image-preview":"max-image-preview:large","max-video-preview":"max-video-preview:-1"},"canonical":"https:\/\/www.gen-ethische-stiftung.de\/?p=161076","og_locale":"en_US","og_type":"article","og_title":"A mez\u0151gazdas\u00e1g nem volt soha annyira \u00f6sszetett \u00e9s adapt\u00edv, mint napjainkban. Az inov\u00e1ci\u00f3k, k\u00fcl\u00f6n\u00f6sen -","og_description":"Bevezet\u00e9s: Az integr\u00e1lt \u00e1gak szerepe a modern gazd\u00e1lkod\u00e1sban A mez\u0151gazdas\u00e1g nem volt soha annyira \u00f6sszetett \u00e9s adapt\u00edv, mint napjainkban. Az inov\u00e1ci\u00f3k, k\u00fcl\u00f6n\u00f6sen az adatalap\u00fa technol\u00f3gi\u00e1k, lehet\u0151v\u00e9 teszik a gazd\u00e1lkod\u00f3k sz\u00e1m\u00e1ra, hogy pontosabban, hat\u00e9konyabban \u00e9s fenntarthat\u00f3bban tervezz\u00e9k \u00e9s hajts\u00e1k v\u00e9gre munk\u00e1ikat. Ebben a dinamikus k\u00f6rnyezetben kiemelked\u0151 szerepet t\u00f6lt be a n\u00f6v\u00e9nytermeszt\u00e9s \u00e9s az \u00e1llatteny\u00e9szt\u00e9s szoros egy\u00fcttm\u0171k\u00f6d\u00e9se, [&hellip;]","og_url":"https:\/\/www.gen-ethische-stiftung.de\/?p=161076","article_published_time":"2025-09-05T20:29:15+00:00","article_modified_time":"2026-09-05T18:29:16+00:00","twitter_card":"summary","twitter_misc":{"Written by":"wordpress_1d9d73dafc30","Est. reading time":"3 minutes"},"schema":{"@context":"https:\/\/schema.org","@graph":[{"@type":"WebSite","@id":"https:\/\/www.gen-ethische-stiftung.de\/#website","url":"https:\/\/www.gen-ethische-stiftung.de\/","name":"","description":"","potentialAction":[{"@type":"SearchAction","target":{"@type":"EntryPoint","urlTemplate":"https:\/\/www.gen-ethische-stiftung.de\/?s={search_term_string}"},"query-input":"required name=search_term_string"}],"inLanguage":"en-US"},{"@type":"WebPage","@id":"https:\/\/www.gen-ethische-stiftung.de\/?p=161076#webpage","url":"https:\/\/www.gen-ethische-stiftung.de\/?p=161076","name":"A mez\u0151gazdas\u00e1g nem volt soha annyira \u00f6sszetett \u00e9s adapt\u00edv, mint napjainkban. Az inov\u00e1ci\u00f3k, k\u00fcl\u00f6n\u00f6sen -","isPartOf":{"@id":"https:\/\/www.gen-ethische-stiftung.de\/#website"},"datePublished":"2025-09-05T20:29:15+00:00","dateModified":"2026-09-05T18:29:16+00:00","author":{"@id":"https:\/\/www.gen-ethische-stiftung.de\/#\/schema\/person\/983704f6819bdb05aea5a26d35c78e39"},"breadcrumb":{"@id":"https:\/\/www.gen-ethische-stiftung.de\/?p=161076#breadcrumb"},"inLanguage":"en-US","potentialAction":[{"@type":"ReadAction","target":["https:\/\/www.gen-ethische-stiftung.de\/?p=161076"]}]},{"@type":"BreadcrumbList","@id":"https:\/\/www.gen-ethische-stiftung.de\/?p=161076#breadcrumb","itemListElement":[{"@type":"ListItem","position":1,"name":"Home","item":"https:\/\/www.gen-ethische-stiftung.de\/"},{"@type":"ListItem","position":2,"name":"A mez\u0151gazdas\u00e1g nem volt soha annyira \u00f6sszetett \u00e9s adapt\u00edv, mint napjainkban. Az inov\u00e1ci\u00f3k, k\u00fcl\u00f6n\u00f6sen"}]},{"@type":"Person","@id":"https:\/\/www.gen-ethische-stiftung.de\/#\/schema\/person\/983704f6819bdb05aea5a26d35c78e39","name":"wordpress_1d9d73dafc30","url":"https:\/\/www.gen-ethische-stiftung.de\/?author=57"}]}},"_links":{"self":[{"href":"https:\/\/www.gen-ethische-stiftung.de\/index.php?rest_route=\/wp\/v2\/posts\/161076","targetHints":{"allow":["GET"]}}],"collection":[{"href":"https:\/\/www.gen-ethische-stiftung.de\/index.php?rest_route=\/wp\/v2\/posts"}],"about":[{"href":"https:\/\/www.gen-ethische-stiftung.de\/index.php?rest_route=\/wp\/v2\/types\/post"}],"author":[{"embeddable":true,"href":"https:\/\/www.gen-ethische-stiftung.de\/index.php?rest_route=\/wp\/v2\/users\/57"}],"replies":[{"embeddable":true,"href":"https:\/\/www.gen-ethische-stiftung.de\/index.php?rest_route=%2Fwp%2Fv2%2Fcomments&post=161076"}],"version-history":[{"count":1,"href":"https:\/\/www.gen-ethische-stiftung.de\/index.php?rest_route=\/wp\/v2\/posts\/161076\/revisions"}],"predecessor-version":[{"id":161077,"href":"https:\/\/www.gen-ethische-stiftung.de\/index.php?rest_route=\/wp\/v2\/posts\/161076\/revisions\/161077"}],"wp:attachment":[{"href":"https:\/\/www.gen-ethische-stiftung.de\/index.php?rest_route=%2Fwp%2Fv2%2Fmedia&parent=161076"}],"wp:term":[{"taxonomy":"category","embeddable":true,"href":"https:\/\/www.gen-ethische-stiftung.de\/index.php?rest_route=%2Fwp%2Fv2%2Fcategories&post=161076"},{"taxonomy":"post_tag","embeddable":true,"href":"https:\/\/www.gen-ethische-stiftung.de\/index.php?rest_route=%2Fwp%2Fv2%2Ftags&post=161076"}],"curies":[{"name":"wp","href":"https:\/\/api.w.org\/{rel}","templated":true}]}}