{"id":167523,"date":"2026-09-06T13:04:44","date_gmt":"2026-09-06T13:04:44","guid":{"rendered":"https:\/\/www.gen-ethische-stiftung.de\/?p=167523"},"modified":"2026-09-06T13:04:44","modified_gmt":"2026-09-06T13:04:44","slug":"click-here-vollstandiger-leitfaden","status":"publish","type":"post","link":"https:\/\/www.gen-ethische-stiftung.de\/?p=167523","title":{"rendered":"Click here \u2014 vollst\u00e4ndiger Leitfaden"},"content":{"rendered":"<h1>Warum sollten Sie <a href=\"https:\/\/trachtenkoestler.at\/\">click here<\/a> f\u00fcr Ihre n\u00e4chste Trachtenbekleidung Wahl in Betracht ziehen?<\/h1>\n<h2>Die Tradition der Trachtenbekleidung<\/h2>\n<p>Trachtenbekleidung hat in der deutschsprachigen Kultur eine lange Tradition. Diese Kleidungsst\u00fccke sind mehr als nur modebewusste Entscheidungen; sie repr\u00e4sentieren eine tiefe Verbindung zu den regionalen Traditionen und Br\u00e4uchen. Beispielsweise wird die Tracht h\u00e4ufig bei Festen und Feiern getragen, bei denen sie stolz zur Schau gestellt wird. In den letzten Jahren hat die Nachfrage nach Trachtenbekleidung nicht nur zugenommen, sondern sie hat sich auch weiterentwickelt, um modernen Designanspr\u00fcchen gerecht zu werden.<\/p>\n<h2>Die Vorteile von Trachtenbekleidung<\/h2>\n<p>Ein wesentlicher Vorteil von Trachtenbekleidung ist die Vielseitigkeit. Heute kann man Trachtenanz\u00fcge nicht nur auf Oktoberfesten tragen, sondern auch bei Hochzeiten, Feierlichkeiten oder sogar im Alltag. Diese Kleidungsst\u00fccke sind oft aus hochwertigen Materialien gefertigt, die sowohl Komfort als auch Langlebigkeit bieten. Au\u00dferdem gibt es eine Vielzahl von Stilen und Farben, die f\u00fcr jeden Geschmack und jeden Anlass geeignet sind.<\/p>\n<h2>Die Auswahl der richtigen Trachtenbekleidung<\/h2>\n<p>Bei der Auswahl der perfekten Trachtenbekleidung ist es wichtig, einige Faktoren zu ber\u00fccksichtigen. Gr\u00f6\u00dfe, Passform und Stil sollten an die individuellen Bed\u00fcrfnisse angepasst werden. Zudem sollte man auf die Qualit\u00e4t der Materialien achten, um sicherzustellen, dass die Tracht langlebig und angenehm zu tragen ist. Besuchen Sie unbedingt <a href=\"https:\/\/trachtenkoestler.at\/\">click here<\/a>, um eine breite Auswahl an Trachtenkleidern f\u00fcr jeden Anlass zu entdecken.<\/p>\n<h2>Nachhaltigkeit in der Trachtenmode<\/h2>\n<p>Ein weiteres wichtiges Thema in der Trachtenbekleidungsindustrie ist die Nachhaltigkeit. Immer mehr Hersteller setzen auf umweltfreundliche Materialien und faire Produktionsbedingungen. Dies bedeutet, dass K\u00e4ufer nicht nur stilvolle Kleidung erwerben, sondern auch einen positiven Beitrag zur Umwelt leisten k\u00f6nnen. Indem Sie sich f\u00fcr nachhaltige Trachtenmode entscheiden, unterst\u00fctzen Sie die Idee einer verantwortungsbewussten Modeindustrie.<\/p>\n","protected":false},"excerpt":{"rendered":"<p>Warum sollten Sie click here f\u00fcr Ihre n\u00e4chste Trachtenbekleidung Wahl in Betracht ziehen? Die Tradition der Trachtenbekleidung Trachtenbekleidung hat in der deutschsprachigen Kultur eine lange Tradition. Diese Kleidungsst\u00fccke sind mehr als nur modebewusste Entscheidungen; sie repr\u00e4sentieren eine tiefe Verbindung zu den regionalen Traditionen und Br\u00e4uchen. Beispielsweise wird die Tracht h\u00e4ufig bei Festen und Feiern getragen, [&hellip;]<\/p>\n","protected":false},"author":57,"featured_media":0,"comment_status":"closed","ping_status":"","sticky":false,"template":"","format":"standard","meta":{"footnotes":""},"categories":[],"tags":[],"class_list":["post-167523","post","type-post","status-publish","format-standard","hentry"],"yoast_head":"<!-- This site is optimized with the Yoast SEO plugin v17.7 - https:\/\/yoast.com\/wordpress\/plugins\/seo\/ -->\n<meta name=\"robots\" content=\"index, follow, max-snippet:-1, max-image-preview:large, max-video-preview:-1\" \/>\n<link rel=\"canonical\" href=\"https:\/\/www.gen-ethische-stiftung.de\/?p=167523\" \/>\n<meta property=\"og:locale\" content=\"en_US\" \/>\n<meta property=\"og:type\" content=\"article\" \/>\n<meta property=\"og:title\" content=\"Click here \u2014 vollst\u00e4ndiger Leitfaden -\" \/>\n<meta property=\"og:description\" content=\"Warum sollten Sie click here f\u00fcr Ihre n\u00e4chste Trachtenbekleidung Wahl in Betracht ziehen? Die Tradition der Trachtenbekleidung Trachtenbekleidung hat in der deutschsprachigen Kultur eine lange Tradition. Diese Kleidungsst\u00fccke sind mehr als nur modebewusste Entscheidungen; sie repr\u00e4sentieren eine tiefe Verbindung zu den regionalen Traditionen und Br\u00e4uchen. Beispielsweise wird die Tracht h\u00e4ufig bei Festen und Feiern getragen, [&hellip;]\" \/>\n<meta property=\"og:url\" content=\"https:\/\/www.gen-ethische-stiftung.de\/?p=167523\" \/>\n<meta property=\"article:published_time\" content=\"2026-09-06T13:04:44+00:00\" \/>\n<meta name=\"twitter:card\" content=\"summary\" \/>\n<meta name=\"twitter:label1\" content=\"Written by\" \/>\n\t<meta name=\"twitter:data1\" content=\"wordpress_1d9d73dafc30\" \/>\n\t<meta name=\"twitter:label2\" content=\"Est. reading time\" \/>\n\t<meta name=\"twitter:data2\" content=\"1 minute\" \/>\n<script type=\"application\/ld+json\" class=\"yoast-schema-graph\">{\"@context\":\"https:\/\/schema.org\",\"@graph\":[{\"@type\":\"WebSite\",\"@id\":\"https:\/\/www.gen-ethische-stiftung.de\/#website\",\"url\":\"https:\/\/www.gen-ethische-stiftung.de\/\",\"name\":\"\",\"description\":\"\",\"potentialAction\":[{\"@type\":\"SearchAction\",\"target\":{\"@type\":\"EntryPoint\",\"urlTemplate\":\"https:\/\/www.gen-ethische-stiftung.de\/?s={search_term_string}\"},\"query-input\":\"required name=search_term_string\"}],\"inLanguage\":\"en-US\"},{\"@type\":\"WebPage\",\"@id\":\"https:\/\/www.gen-ethische-stiftung.de\/?p=167523#webpage\",\"url\":\"https:\/\/www.gen-ethische-stiftung.de\/?p=167523\",\"name\":\"Click here \\u2014 vollst\\u00e4ndiger Leitfaden -\",\"isPartOf\":{\"@id\":\"https:\/\/www.gen-ethische-stiftung.de\/#website\"},\"datePublished\":\"2026-09-06T13:04:44+00:00\",\"dateModified\":\"2026-09-06T13:04:44+00:00\",\"author\":{\"@id\":\"https:\/\/www.gen-ethische-stiftung.de\/#\/schema\/person\/983704f6819bdb05aea5a26d35c78e39\"},\"breadcrumb\":{\"@id\":\"https:\/\/www.gen-ethische-stiftung.de\/?p=167523#breadcrumb\"},\"inLanguage\":\"en-US\",\"potentialAction\":[{\"@type\":\"ReadAction\",\"target\":[\"https:\/\/www.gen-ethische-stiftung.de\/?p=167523\"]}]},{\"@type\":\"BreadcrumbList\",\"@id\":\"https:\/\/www.gen-ethische-stiftung.de\/?p=167523#breadcrumb\",\"itemListElement\":[{\"@type\":\"ListItem\",\"position\":1,\"name\":\"Home\",\"item\":\"https:\/\/www.gen-ethische-stiftung.de\/\"},{\"@type\":\"ListItem\",\"position\":2,\"name\":\"Click here \\u2014 vollst\\u00e4ndiger Leitfaden\"}]},{\"@type\":\"Person\",\"@id\":\"https:\/\/www.gen-ethische-stiftung.de\/#\/schema\/person\/983704f6819bdb05aea5a26d35c78e39\",\"name\":\"wordpress_1d9d73dafc30\",\"url\":\"https:\/\/www.gen-ethische-stiftung.de\/?author=57\"}]}<\/script>\n<!-- \/ Yoast SEO plugin. -->","yoast_head_json":{"robots":{"index":"index","follow":"follow","max-snippet":"max-snippet:-1","max-image-preview":"max-image-preview:large","max-video-preview":"max-video-preview:-1"},"canonical":"https:\/\/www.gen-ethische-stiftung.de\/?p=167523","og_locale":"en_US","og_type":"article","og_title":"Click here \u2014 vollst\u00e4ndiger Leitfaden -","og_description":"Warum sollten Sie click here f\u00fcr Ihre n\u00e4chste Trachtenbekleidung Wahl in Betracht ziehen? Die Tradition der Trachtenbekleidung Trachtenbekleidung hat in der deutschsprachigen Kultur eine lange Tradition. Diese Kleidungsst\u00fccke sind mehr als nur modebewusste Entscheidungen; sie repr\u00e4sentieren eine tiefe Verbindung zu den regionalen Traditionen und Br\u00e4uchen. Beispielsweise wird die Tracht h\u00e4ufig bei Festen und Feiern getragen, [&hellip;]","og_url":"https:\/\/www.gen-ethische-stiftung.de\/?p=167523","article_published_time":"2026-09-06T13:04:44+00:00","twitter_card":"summary","twitter_misc":{"Written by":"wordpress_1d9d73dafc30","Est. reading time":"1 minute"},"schema":{"@context":"https:\/\/schema.org","@graph":[{"@type":"WebSite","@id":"https:\/\/www.gen-ethische-stiftung.de\/#website","url":"https:\/\/www.gen-ethische-stiftung.de\/","name":"","description":"","potentialAction":[{"@type":"SearchAction","target":{"@type":"EntryPoint","urlTemplate":"https:\/\/www.gen-ethische-stiftung.de\/?s={search_term_string}"},"query-input":"required name=search_term_string"}],"inLanguage":"en-US"},{"@type":"WebPage","@id":"https:\/\/www.gen-ethische-stiftung.de\/?p=167523#webpage","url":"https:\/\/www.gen-ethische-stiftung.de\/?p=167523","name":"Click here \u2014 vollst\u00e4ndiger Leitfaden -","isPartOf":{"@id":"https:\/\/www.gen-ethische-stiftung.de\/#website"},"datePublished":"2026-09-06T13:04:44+00:00","dateModified":"2026-09-06T13:04:44+00:00","author":{"@id":"https:\/\/www.gen-ethische-stiftung.de\/#\/schema\/person\/983704f6819bdb05aea5a26d35c78e39"},"breadcrumb":{"@id":"https:\/\/www.gen-ethische-stiftung.de\/?p=167523#breadcrumb"},"inLanguage":"en-US","potentialAction":[{"@type":"ReadAction","target":["https:\/\/www.gen-ethische-stiftung.de\/?p=167523"]}]},{"@type":"BreadcrumbList","@id":"https:\/\/www.gen-ethische-stiftung.de\/?p=167523#breadcrumb","itemListElement":[{"@type":"ListItem","position":1,"name":"Home","item":"https:\/\/www.gen-ethische-stiftung.de\/"},{"@type":"ListItem","position":2,"name":"Click here \u2014 vollst\u00e4ndiger Leitfaden"}]},{"@type":"Person","@id":"https:\/\/www.gen-ethische-stiftung.de\/#\/schema\/person\/983704f6819bdb05aea5a26d35c78e39","name":"wordpress_1d9d73dafc30","url":"https:\/\/www.gen-ethische-stiftung.de\/?author=57"}]}},"_links":{"self":[{"href":"https:\/\/www.gen-ethische-stiftung.de\/index.php?rest_route=\/wp\/v2\/posts\/167523","targetHints":{"allow":["GET"]}}],"collection":[{"href":"https:\/\/www.gen-ethische-stiftung.de\/index.php?rest_route=\/wp\/v2\/posts"}],"about":[{"href":"https:\/\/www.gen-ethische-stiftung.de\/index.php?rest_route=\/wp\/v2\/types\/post"}],"author":[{"embeddable":true,"href":"https:\/\/www.gen-ethische-stiftung.de\/index.php?rest_route=\/wp\/v2\/users\/57"}],"replies":[{"embeddable":true,"href":"https:\/\/www.gen-ethische-stiftung.de\/index.php?rest_route=%2Fwp%2Fv2%2Fcomments&post=167523"}],"version-history":[{"count":1,"href":"https:\/\/www.gen-ethische-stiftung.de\/index.php?rest_route=\/wp\/v2\/posts\/167523\/revisions"}],"predecessor-version":[{"id":167524,"href":"https:\/\/www.gen-ethische-stiftung.de\/index.php?rest_route=\/wp\/v2\/posts\/167523\/revisions\/167524"}],"wp:attachment":[{"href":"https:\/\/www.gen-ethische-stiftung.de\/index.php?rest_route=%2Fwp%2Fv2%2Fmedia&parent=167523"}],"wp:term":[{"taxonomy":"category","embeddable":true,"href":"https:\/\/www.gen-ethische-stiftung.de\/index.php?rest_route=%2Fwp%2Fv2%2Fcategories&post=167523"},{"taxonomy":"post_tag","embeddable":true,"href":"https:\/\/www.gen-ethische-stiftung.de\/index.php?rest_route=%2Fwp%2Fv2%2Ftags&post=167523"}],"curies":[{"name":"wp","href":"https:\/\/api.w.org\/{rel}","templated":true}]}}