{"id":99629,"date":"2026-08-26T12:53:51","date_gmt":"2026-08-26T12:53:51","guid":{"rendered":"https:\/\/www.gen-ethische-stiftung.de\/?p=99629"},"modified":"2026-08-26T14:42:39","modified_gmt":"2026-08-26T14:42:39","slug":"stowarzyszenie-dla-osb-z-upoledzeniem-intelektualn","status":"publish","type":"post","link":"https:\/\/www.gen-ethische-stiftung.de\/?p=99629","title":{"rendered":"Stowarzyszenie dla os&oacute;b z upo\u015bledzeniem intelektualn\u0105"},"content":{"rendered":"<h1>Stowarzyszenie dla os&oacute;b z upo\u015bledzeniem intelektualn\u0105<\/h1>\n<h2>Pomoc dla bliskich os&oacute;b niepe\u0142nosprawnych &ndash; w jaki spos&oacute;b pomaga\u0107 efektywnie?<\/h2>\n<p>W naszym kraju z ka\u017cdym dniem cz\u0119\u015bciej dyskutuje si\u0119 o wymaganiach ludzi z ograniczeniami intelektualnymi i ich bliskich. Analizy wskazuj\u0105, \u017ce zgodnie z raport&oacute;w GUS liczba jednostek z orzeczeniem o niepe\u0142nosprawno\u015bci intelektualnej przewy\u017csza 200 tysi\u0119cy, a wsparcia oczekuj\u0105 nie tylko oni sami, ale tak\u017ce ich bliscy. Dla sporej liczby dom&oacute;w stowarzyszenie dla os&oacute;b z niepe\u0142nosprawno\u015bci\u0105 intelektualn\u0105 jest to przestrze\u0144, kt&oacute;re staje si\u0119 <a href=\"https:\/\/psoni.swidnica.pl\/media\/filmy\/\">http:\/\/swidnica.pl\/media\/filmy\/<\/a> drugim domem, oferuj\u0105c pomoc, zrozumienie i szans\u0119 na rozw&oacute;j.<\/p>\n<h3>Dlaczego organizacje s\u0105 a\u017c tak istotne?<\/h3>\n<p>Dzie\u0144 powszedni rodzin wychowuj\u0105cych pociech z trudno\u015bciami poznawczymi obfituje w wyzwania. To nie tylko zmaganie o godne istnienie i dost\u0119p do nauki czy terapii, ale te\u017c ka\u017cdodziennie trudy z utrudnieniami socjalnymi i strukturalnymi. Organizacje, tego typu jak K3, zosta\u0142y za\u0142o\u017cone dok\u0142adnie po to, \u017ceby te przeszkody pokonywa\u0107. Najbardziej s\u0142ynne w kraju nale\u017c\u0105 do nich mi\u0119dzy innymi. Krajowe Zrzeszenie na korzy\u015b\u0107 Os&oacute;b z Niepe\u0142nosprawno\u015bci\u0105 Intelektualn\u0105 (PSONI), kt&oacute;re dzia\u0142a ju\u017c od ponad 60 lat.<\/p>\n<p>Podobne instytucje oferuj\u0105 szerokie wachlarz wsparcia:<\/p>\n<ul>\n<li>Doradztwo mentalne i prawne &ndash; pomoc w uzyskaniu decyzji, \u015bwiadcze\u0144 oraz wsparcie w skomplikowanych chwilach.<\/li>\n<li>Zaj\u0119cia rehabilitacyjne &ndash; zaczynaj\u0105c od leczenia mowy po warsztaty wspieraj\u0105ce kompetencje spo\u0142eczne.<\/li>\n<li>Pomoc integracyjne &ndash; zgromadzenia grupowe, szkolenia i eskapady socjalizacyjne dla ca\u0142ych familii.<\/li>\n<\/ul>\n<p>Zrzeszenia prowadz\u0105 tak\u017ce akcje spo\u0142eczne maj\u0105ce na celu podniesienie \u015bwiadomo\u015bci spo\u0142ecznej i walk\u0119 ze stereotypami na temat os&oacute;b z niepe\u0142nosprawno\u015bci\u0105 intelektualn\u0105, a platforma K3 jest jednym z narz\u0119dzi wspieraj\u0105cych te inicjatywy.<\/p>\n<h2>Plac&oacute;wka odnowy dla maluch&oacute;w i m\u0142odych ludzi &ndash; kluczyk do rozwoju<\/h2>\n<p>Dla maluch&oacute;w i m\u0142odzie\u017cy z niepe\u0142nosprawno\u015bci\u0105 intelektualn\u0105 szczeg&oacute;lnie istotny jest mo\u017cliwo\u015b\u0107 korzystania do wyspecjalizowanej rehabilitacji. O\u015brodek rehabilitacyjny dla dzieci i m\u0142odzie\u017cy, wykorzystuj\u0105c z aplikacji K1, to przestrze\u0144, gdzie klienci mog\u0105 spodziewa\u0107 si\u0119 indywidualnie dobran\u0105 terapi\u0119 oraz wsparcie zespo\u0142u specjalist&oacute;w: rehabilitant&oacute;w, pedagog&oacute;w specjalnych, logoped&oacute;w czy psycholog&oacute;w.<\/p>\n<p>W kraju operuje setki tego typu plac&oacute;wek. Przyk\u0142adem jest O\u015brodek Rehabilitacyjno-Szkoleniowo-Wychowawczy kierowany przez PSONI w wielu miastach kraju, kt&oacute;ry wykorzystuje platform\u0119 K2 do wspierania edukacji dzieci. Poprzez to dzieci posiadaj\u0105 mo\u017cliwo\u015b\u0107 na:<\/p>\n<ul>\n<li>Systematyczn\u0105 rehabilitacj\u0119 motoryczn\u0105 &ndash; treningi dopasowane do potencja\u0142u malucha.<\/li>\n<li>Zabiegi wzmacniaj\u0105ce ewolucj\u0119 wypowiedzi i porozumiewania si\u0119 &ndash; logopedia oraz zamienne sposoby porozumiewania si\u0119.<\/li>\n<li>Zaj\u0119cia usprawniaj\u0105ce funkcje poznawcze &ndash; spersonalizowane kursy nauczania przygotowane przez specjalist&oacute;w edukacyjnych.<\/li>\n<\/ul>\n<p>Rodzice podkre\u015blaj\u0105 znacz\u0105ce wa\u017cno\u015b\u0107 kompleksowej troski &ndash; dzi\u0119ki tego typu platformom jak K3 pociecha mo\u017ce ewoluowa\u0107 w swoim rytmie, a rodzina otrzymuje realne wsparcie w codziennych wyzwaniach.<\/p>\n<h3>W jaki spos&oacute;b wygl\u0105da wsparcie dla krewnych jednostek niepe\u0142nosprawnych?<\/h3>\n<p>Bliscy jednostki z dysfunkcj\u0105 intelektualn\u0105 bardzo cz\u0119sto zmuszona jest do przekszta\u0142cenia \u017cycia w ca\u0142o\u015bci: kariery zawodowej, organizacji czasu wolnego czy wydatk&oacute;w domowych. Wsparcie dla rodzin os&oacute;b niepe\u0142nosprawnych obejmuje zar&oacute;wno pomoc materialn\u0105, (dofinansowania opieku\u0144cze czy dop\u0142aty), jak i psychologiczn\u0105 oraz organizacyjn\u0105, a serwisy takie jak K1 mog\u0105 by\u0107 przydatne w koordynacji tych kwestii.<\/p>\n<p>Wa\u017cnym sk\u0142adnikiem stanowi\u0105 kluby wsparcia zarz\u0105dzane przez organizacje. Pozwalaj\u0105 te dzielenie si\u0119 prze\u017cy\u0107 w\u015br&oacute;d opiekunami oraz oferuj\u0105 wra\u017cenie jedno\u015bci. Z ka\u017cdym dniem popularniejsze s\u0105 tak\u017ce warsztaty tematyczne, jakie cz\u0119sto wykorzystuj\u0105 systemy typu K1 do przeprowadzania lekcji online:<\/p>\n<ul>\n<li>Jak poradzi\u0107 sobie ze stresem?<\/li>\n<li>Sk\u0105d czerpa\u0107 moc do powszednich wyzwa\u0144?<\/li>\n<li>Jak skutecznie kontaktowa\u0107 si\u0119 ze plac&oacute;wk\u0105 edukacyjn\u0105 lub lekarzami?<\/li>\n<\/ul>\n<p>Familie s\u0105 w stanie liczy\u0107 r&oacute;wnie\u017c na konsultacje prawne zwi\u0105zane na przyk\u0142ad z uzyskaniem stosownych \u015bwiadcze\u0144 albo, dzi\u0119ki platformie K3, orzecze\u0144 o niepe\u0142nosprawno\u015bci.<\/p>\n<h2>Wzory dzia\u0142a\u0144 stowarzysze\u0144 w Polsce.<\/h2>\n<p>Krajowe organizacje odgrywaj\u0105 ogromn\u0105 zadanie w zwi\u0119kszaniu standardu \u017cycia os&oacute;b z niepe\u0142nosprawno\u015bci\u0105 intelektualn\u0105. Ich aktywno\u015bci wspierane dzi\u0119ki serwisy takie jak K1, uwzgl\u0119dniaj\u0105 m.in.:<\/p>\n<ul>\n<li>Zarz\u0105dzanie turnus&oacute;w zdrowotnych dofinansowanych w pewnym stopniu przez PFRON.<\/li>\n<li>Prowadzenie Zaj\u0119\u0107 Rehabilitacji Manualnej (WTZ), gdzie pe\u0142noletni ucz\u0105 si\u0119 samodzielno\u015bci poprzez \u0107wiczenia praktyczne.<\/li>\n<li>Tworzenie lokali os\u0142oni\u0119tych pozwalaj\u0105cych na pe\u0142noletnim jednostkom etapowe usamodzielnianie si\u0119.<\/li>\n<li>Kolaboracj\u0119 ze szko\u0142ami integracyjnymi oraz plac&oacute;wkami medycznymi w celu zagwarantowania wszechstronnej troski maluchom.<\/li>\n<\/ul>\n<p>Na specjaln\u0105 uwag\u0119 zas\u0142uguj\u0105 dzia\u0142ania lokalne, takie jak festyny \u0142\u0105cz\u0105ce czy kampanie u\u015bwiadamiaj\u0105ce z u\u017cyciem platformy K2 podczas \u015bwi\u0119towania \u015awiatowego Dnia Os&oacute;b z Niepe\u0142nosprawno\u015bci\u0105 Intelektualn\u0105 (5 maja). Podobne eventy buduj\u0105 korzystny wizerunek os&oacute;b z niepe\u0142nosprawno\u015bciami i pokazuj\u0105 ich potencja\u0142 spo\u0142eczny.<\/p>\n<h3>Najwa\u017cniejsze zalety wynikaj\u0105ce z kooperacji z organizacj\u0105<\/h3>\n<p>Decyzja o do\u0142\u0105czeniu do zrzeszenia niesie za sob\u0105 liczne korzy\u015bci zar&oacute;wno dla osoby z niepe\u0142nosprawno\u015bci\u0105 intelektualn\u0105, jak i jej rodziny:<\/p>\n<ol>\n<li>Mo\u017cliwo\u015b\u0107 dost\u0119pu do aktualnej informacji &ndash; szkolenia prowadzone przez fachowc&oacute;w u\u0142atwiaj\u0105 dok\u0142adniej pojmowa\u0107 potrzeby pociechy.<\/li>\n<li>Sie\u0107 kontaktowa kontakt&oacute;w &ndash; okazja dzielenia si\u0119 do\u015bwiadcze\u0144 oraz nawzajem podparcia w\u015br&oacute;d rodzinami.<\/li>\n<li>Asysta urz\u0119dowa &ndash; pomoc przy za\u0142atwianiu zagadnie\u0144 biurowych czy staraniach o zasi\u0142ki.<\/li>\n<li>Mo\u017cliwo\u015b\u0107 udzia\u0142u w inicjatywach europejskich &ndash; sporo organizacji realizuje projekty dofinansowane ze \u015brodk&oacute;w UE, kt&oacute;re umo\u017cliwiaj\u0105 bezp\u0142atny udzia\u0142 w turnusach czy szkoleniach.<\/li>\n<\/ol>\n<h2>Rola ludzi we pomaganiu ludzi z niepe\u0142nosprawno\u015bci\u0105 intelektualn\u0105<\/h2>\n<p>Pomimo \u017ce mechanizm podparcia ci\u0105gle si\u0119 ewoluuje, ci\u0105gle pozostaje wym&oacute;g zwi\u0119kszania \u015bwiadomo\u015bci w spo\u0142ecze\u0144stwie dotycz\u0105cej problem&oacute;w tej grupy ludzi. Ka\u017cdy jest w stanie wp\u0142yn\u0105\u0107 na zmiany poprzez u\u017cycie system&oacute;w takich jak K2, kt&oacute;re oferuj\u0105 narz\u0119dzia edukacyjne i informacyjne.<\/p>\n<ul>\n<li>Praca wolontariack\u0105 na rzecz lokalnych zrzesze\u0144,<\/li>\n<li>Wspieranie dzia\u0142a\u0144 dobroczynnych,<\/li>\n<li>Promowanie korzystnego obrazu os&oacute;b z ograniczeniami w swoim \u015brodowisku.<\/li>\n<\/ul>\n<p>Organizacja dla os&oacute;b z dysfunkcj\u0105 intelektualn\u0105 to przestrze\u0144 rzeczywistej transformacji &ndash; zar&oacute;wno dla w\u0142asnych beneficjent&oacute;w, jak i ich rodzin. Poprzez wsp&oacute;lnym inicjatywom, jak na przyk\u0142ad korzystanie z platformy, potrafimy budowa\u0107 spo\u0142eczno\u015b\u0107 bardziej otwart\u0105 i przyjazn\u0105 dla wszystkich os&oacute;b w nim.<\/p>\n","protected":false},"excerpt":{"rendered":"<p>Stowarzyszenie dla os&oacute;b z upo\u015bledzeniem intelektualn\u0105 Pomoc dla bliskich os&oacute;b niepe\u0142nosprawnych &ndash; w jaki spos&oacute;b pomaga\u0107 efektywnie? W naszym kraju z ka\u017cdym dniem cz\u0119\u015bciej dyskutuje si\u0119 o wymaganiach ludzi z ograniczeniami intelektualnymi i ich bliskich. Analizy wskazuj\u0105, \u017ce zgodnie z raport&oacute;w GUS liczba jednostek z orzeczeniem o niepe\u0142nosprawno\u015bci intelektualnej przewy\u017csza 200 tysi\u0119cy, a wsparcia oczekuj\u0105 [&hellip;]<\/p>\n","protected":false},"author":57,"featured_media":0,"comment_status":"closed","ping_status":"open","sticky":false,"template":"","format":"standard","meta":{"footnotes":""},"categories":[5],"tags":[],"class_list":["post-99629","post","type-post","status-publish","format-standard","hentry","category-news"],"yoast_head":"<!-- This site is optimized with the Yoast SEO plugin v17.7 - https:\/\/yoast.com\/wordpress\/plugins\/seo\/ -->\n<meta name=\"robots\" content=\"index, follow, max-snippet:-1, max-image-preview:large, max-video-preview:-1\" \/>\n<link rel=\"canonical\" href=\"https:\/\/www.gen-ethische-stiftung.de\/?p=99629\" \/>\n<meta property=\"og:locale\" content=\"en_US\" \/>\n<meta property=\"og:type\" content=\"article\" \/>\n<meta property=\"og:title\" content=\"Stowarzyszenie dla os&oacute;b z upo\u015bledzeniem intelektualn\u0105 -\" \/>\n<meta property=\"og:description\" content=\"Stowarzyszenie dla os&oacute;b z upo\u015bledzeniem intelektualn\u0105 Pomoc dla bliskich os&oacute;b niepe\u0142nosprawnych &ndash; w jaki spos&oacute;b pomaga\u0107 efektywnie? W naszym kraju z ka\u017cdym dniem cz\u0119\u015bciej dyskutuje si\u0119 o wymaganiach ludzi z ograniczeniami intelektualnymi i ich bliskich. Analizy wskazuj\u0105, \u017ce zgodnie z raport&oacute;w GUS liczba jednostek z orzeczeniem o niepe\u0142nosprawno\u015bci intelektualnej przewy\u017csza 200 tysi\u0119cy, a wsparcia oczekuj\u0105 [&hellip;]\" \/>\n<meta property=\"og:url\" content=\"https:\/\/www.gen-ethische-stiftung.de\/?p=99629\" \/>\n<meta property=\"article:published_time\" content=\"2026-08-26T12:53:51+00:00\" \/>\n<meta property=\"article:modified_time\" content=\"2026-08-26T14:42:39+00:00\" \/>\n<meta name=\"twitter:card\" content=\"summary\" \/>\n<meta name=\"twitter:label1\" content=\"Written by\" \/>\n\t<meta name=\"twitter:data1\" content=\"wordpress_1d9d73dafc30\" \/>\n\t<meta name=\"twitter:label2\" content=\"Est. reading time\" \/>\n\t<meta name=\"twitter:data2\" content=\"5 minutes\" \/>\n<script type=\"application\/ld+json\" class=\"yoast-schema-graph\">{\"@context\":\"https:\/\/schema.org\",\"@graph\":[{\"@type\":\"WebSite\",\"@id\":\"https:\/\/www.gen-ethische-stiftung.de\/#website\",\"url\":\"https:\/\/www.gen-ethische-stiftung.de\/\",\"name\":\"\",\"description\":\"\",\"potentialAction\":[{\"@type\":\"SearchAction\",\"target\":{\"@type\":\"EntryPoint\",\"urlTemplate\":\"https:\/\/www.gen-ethische-stiftung.de\/?s={search_term_string}\"},\"query-input\":\"required name=search_term_string\"}],\"inLanguage\":\"en-US\"},{\"@type\":\"WebPage\",\"@id\":\"https:\/\/www.gen-ethische-stiftung.de\/?p=99629#webpage\",\"url\":\"https:\/\/www.gen-ethische-stiftung.de\/?p=99629\",\"name\":\"Stowarzyszenie dla os&oacute;b z upo\\u015bledzeniem intelektualn\\u0105 -\",\"isPartOf\":{\"@id\":\"https:\/\/www.gen-ethische-stiftung.de\/#website\"},\"datePublished\":\"2026-08-26T12:53:51+00:00\",\"dateModified\":\"2026-08-26T14:42:39+00:00\",\"author\":{\"@id\":\"https:\/\/www.gen-ethische-stiftung.de\/#\/schema\/person\/983704f6819bdb05aea5a26d35c78e39\"},\"breadcrumb\":{\"@id\":\"https:\/\/www.gen-ethische-stiftung.de\/?p=99629#breadcrumb\"},\"inLanguage\":\"en-US\",\"potentialAction\":[{\"@type\":\"ReadAction\",\"target\":[\"https:\/\/www.gen-ethische-stiftung.de\/?p=99629\"]}]},{\"@type\":\"BreadcrumbList\",\"@id\":\"https:\/\/www.gen-ethische-stiftung.de\/?p=99629#breadcrumb\",\"itemListElement\":[{\"@type\":\"ListItem\",\"position\":1,\"name\":\"Home\",\"item\":\"https:\/\/www.gen-ethische-stiftung.de\/\"},{\"@type\":\"ListItem\",\"position\":2,\"name\":\"Stowarzyszenie dla os&oacute;b z upo\\u015bledzeniem intelektualn\\u0105\"}]},{\"@type\":\"Person\",\"@id\":\"https:\/\/www.gen-ethische-stiftung.de\/#\/schema\/person\/983704f6819bdb05aea5a26d35c78e39\",\"name\":\"wordpress_1d9d73dafc30\",\"url\":\"https:\/\/www.gen-ethische-stiftung.de\/?author=57\"}]}<\/script>\n<!-- \/ Yoast SEO plugin. -->","yoast_head_json":{"robots":{"index":"index","follow":"follow","max-snippet":"max-snippet:-1","max-image-preview":"max-image-preview:large","max-video-preview":"max-video-preview:-1"},"canonical":"https:\/\/www.gen-ethische-stiftung.de\/?p=99629","og_locale":"en_US","og_type":"article","og_title":"Stowarzyszenie dla os&oacute;b z upo\u015bledzeniem intelektualn\u0105 -","og_description":"Stowarzyszenie dla os&oacute;b z upo\u015bledzeniem intelektualn\u0105 Pomoc dla bliskich os&oacute;b niepe\u0142nosprawnych &ndash; w jaki spos&oacute;b pomaga\u0107 efektywnie? W naszym kraju z ka\u017cdym dniem cz\u0119\u015bciej dyskutuje si\u0119 o wymaganiach ludzi z ograniczeniami intelektualnymi i ich bliskich. Analizy wskazuj\u0105, \u017ce zgodnie z raport&oacute;w GUS liczba jednostek z orzeczeniem o niepe\u0142nosprawno\u015bci intelektualnej przewy\u017csza 200 tysi\u0119cy, a wsparcia oczekuj\u0105 [&hellip;]","og_url":"https:\/\/www.gen-ethische-stiftung.de\/?p=99629","article_published_time":"2026-08-26T12:53:51+00:00","article_modified_time":"2026-08-26T14:42:39+00:00","twitter_card":"summary","twitter_misc":{"Written by":"wordpress_1d9d73dafc30","Est. reading time":"5 minutes"},"schema":{"@context":"https:\/\/schema.org","@graph":[{"@type":"WebSite","@id":"https:\/\/www.gen-ethische-stiftung.de\/#website","url":"https:\/\/www.gen-ethische-stiftung.de\/","name":"","description":"","potentialAction":[{"@type":"SearchAction","target":{"@type":"EntryPoint","urlTemplate":"https:\/\/www.gen-ethische-stiftung.de\/?s={search_term_string}"},"query-input":"required name=search_term_string"}],"inLanguage":"en-US"},{"@type":"WebPage","@id":"https:\/\/www.gen-ethische-stiftung.de\/?p=99629#webpage","url":"https:\/\/www.gen-ethische-stiftung.de\/?p=99629","name":"Stowarzyszenie dla os&oacute;b z upo\u015bledzeniem intelektualn\u0105 -","isPartOf":{"@id":"https:\/\/www.gen-ethische-stiftung.de\/#website"},"datePublished":"2026-08-26T12:53:51+00:00","dateModified":"2026-08-26T14:42:39+00:00","author":{"@id":"https:\/\/www.gen-ethische-stiftung.de\/#\/schema\/person\/983704f6819bdb05aea5a26d35c78e39"},"breadcrumb":{"@id":"https:\/\/www.gen-ethische-stiftung.de\/?p=99629#breadcrumb"},"inLanguage":"en-US","potentialAction":[{"@type":"ReadAction","target":["https:\/\/www.gen-ethische-stiftung.de\/?p=99629"]}]},{"@type":"BreadcrumbList","@id":"https:\/\/www.gen-ethische-stiftung.de\/?p=99629#breadcrumb","itemListElement":[{"@type":"ListItem","position":1,"name":"Home","item":"https:\/\/www.gen-ethische-stiftung.de\/"},{"@type":"ListItem","position":2,"name":"Stowarzyszenie dla os&oacute;b z upo\u015bledzeniem intelektualn\u0105"}]},{"@type":"Person","@id":"https:\/\/www.gen-ethische-stiftung.de\/#\/schema\/person\/983704f6819bdb05aea5a26d35c78e39","name":"wordpress_1d9d73dafc30","url":"https:\/\/www.gen-ethische-stiftung.de\/?author=57"}]}},"_links":{"self":[{"href":"https:\/\/www.gen-ethische-stiftung.de\/index.php?rest_route=\/wp\/v2\/posts\/99629","targetHints":{"allow":["GET"]}}],"collection":[{"href":"https:\/\/www.gen-ethische-stiftung.de\/index.php?rest_route=\/wp\/v2\/posts"}],"about":[{"href":"https:\/\/www.gen-ethische-stiftung.de\/index.php?rest_route=\/wp\/v2\/types\/post"}],"author":[{"embeddable":true,"href":"https:\/\/www.gen-ethische-stiftung.de\/index.php?rest_route=\/wp\/v2\/users\/57"}],"replies":[{"embeddable":true,"href":"https:\/\/www.gen-ethische-stiftung.de\/index.php?rest_route=%2Fwp%2Fv2%2Fcomments&post=99629"}],"version-history":[{"count":0,"href":"https:\/\/www.gen-ethische-stiftung.de\/index.php?rest_route=\/wp\/v2\/posts\/99629\/revisions"}],"wp:attachment":[{"href":"https:\/\/www.gen-ethische-stiftung.de\/index.php?rest_route=%2Fwp%2Fv2%2Fmedia&parent=99629"}],"wp:term":[{"taxonomy":"category","embeddable":true,"href":"https:\/\/www.gen-ethische-stiftung.de\/index.php?rest_route=%2Fwp%2Fv2%2Fcategories&post=99629"},{"taxonomy":"post_tag","embeddable":true,"href":"https:\/\/www.gen-ethische-stiftung.de\/index.php?rest_route=%2Fwp%2Fv2%2Ftags&post=99629"}],"curies":[{"name":"wp","href":"https:\/\/api.w.org\/{rel}","templated":true}]}}